{"id":1205,"date":"2022-09-29T11:55:50","date_gmt":"2022-09-29T14:55:50","guid":{"rendered":"https:\/\/www.franquiawsi.com.br\/imprensa\/?p=1205"},"modified":"2022-11-15T19:19:21","modified_gmt":"2022-11-15T22:19:21","slug":"marketing-inclusivo","status":"publish","type":"post","link":"https:\/\/www.franquiawsi.com.br\/imprensa\/2022\/09\/29\/marketing-inclusivo\/","title":{"rendered":"Marketing inclusivo: entenda por que sua empresa n\u00e3o pode ficar de fora"},"content":{"rendered":"<p><em>WSI desenvolveu metodologia de Comunica\u00e7\u00e3o e Marketing Inclusivos, alinhada \u00e0s pr\u00e1ticas de DE&amp;I \u2013 Diversidade, Equidade e Inclus\u00e3o, cada vez mais adotadas por empresas no mercado<\/em><\/p>\n<p>A diversidade \u00e9 o motor da sobreviv\u00eancia e cada vez mais segmentos sociais e empresariais constatam que \u00e9 preciso unir as diferen\u00e7as para alcan\u00e7ar melhores resultados. Pesquisa mundial da Salesforce, companhia de gest\u00e3o de relacionamento, aponta que 90% dos consumidores acreditam que cabe \u00e0s empresas tornar o mundo um lugar melhor. Outro estudo, da empresa de consultoria de gest\u00e3o Accenture, revela que empresas comprometidas com a inclus\u00e3o s\u00e3o 11 vezes mais inovadoras e t\u00eam colaboradores seis vezes mais criativos. <strong>Confira a mat\u00e9ria completa nos portais: <\/strong><a href=\"http:\/\/jornalwebdigital.blogspot.com\/2022\/10\/marketing-inclusivo-entenda-por-que-sua.html#comment-form\" target=\"_blank\" rel=\"noopener noreferrer\">jornalwebdigital.blogspot.com<\/a><strong>, <\/strong><a href=\"https:\/\/www.terra.com.br\/economia\/dinheiro-em-dia\/marketing-inclusivo-veja-como-sua-empresa-pode-entrar-nessa,405c17ebcc009e74bc7c31da4b72a61aehp943eq.html\">Portal Terra<\/a><strong>,\u00a0 <\/strong><a href=\"https:\/\/blogdolago.com.br\/marketing-inclusivo-entenda-por-que-sua-empresa-nao-pode-ficar-de-fora-por-marcelo-herskovits\/\" target=\"_blank\" rel=\"noopener noreferrer\">blogdolago.com.br<\/a>, <a href=\"http:\/\/portaldoaltotiete.com.br\/Empreendedor\/2022\/10\/18\/marketing-inclusivo-entenda-por-que-sua-empresa-nao-pode-ficar-de-fora\/\" target=\"_blank\" rel=\"noopener noreferrer\">portaldoaltotiete.com.br<\/a>, <a href=\"https:\/\/www.abcdacomunicacao.com.br\/marketing-inclusivo-na-area-saude\/\" target=\"_blank\" rel=\"noopener noreferrer\">abcdacomunicacao.com.br<\/a>, <a href=\"https:\/\/portalbaurunoticias.com\/2022\/09\/28\/empresas-sao-responsaveis-por-tornar-o-mundo-melhor-para-90-dos-consumidores-aponta-pesquisa-2\/?utm_source=rss&amp;utm_medium=rss&amp;utm_campaign=empresas-sao-responsaveis-por-tornar-o-mundo-melhor-para-90-dos-consumidores-aponta-pesquisa-2\">portalbaurunoticias.com<\/a>, <a href=\"https:\/\/www.brasilfashionnews.com.br\/empresas-sao-responsaveis-por-tornar-o-mundo-melhor-para-90-dos-consumidores-aponta-pesquisa\/\" target=\"_blank\" rel=\"noopener noreferrer\">brasilfashionnews.com.br<\/a>, <a href=\"https:\/\/portaldacomunicacao.com.br\/2022\/10\/marketing-inclusivo-campanhas-de-comunicacao-devem-focar-resultados-efetivos\/\" target=\"_blank\" rel=\"noopener noreferrer\">portaldacomunicacao.com.br<\/a>, <a href=\"https:\/\/eurio.com.br\/noticia\/41075\/empresas-sao-responsaveis-por-tornar-o-mundo-melhor-para-90-dos-consumidores-aponta-pesquisa.amp\" target=\"_blank\" rel=\"noopener noreferrer\">eurio.com.br,<\/a>\u00a0 <a href=\"https:\/\/www.revistabaiacu.com.br\/marketing-inclusivo-veja-como-sua-empresa-pode-entrar-nessa\/\" target=\"_blank\" rel=\"noopener noreferrer\">Revista Baiacu<\/a>, <a href=\"https:\/\/yourdomain.com.br\/empresas-sao-responsaveis-por-tornar-o-mundo-melhor-para-90-dos-consumidores-aponta-pesquisa\/\" target=\"_blank\" rel=\"noopener noreferrer\">Yourdomain<\/a>.<\/p>\n<p>&nbsp;<\/p>\n<p>&nbsp;<\/p>\n<p><img loading=\"lazy\" class=\"wp-image-1230 aligncenter\" src=\"https:\/\/www.franquiawsi.com.br\/imprensa\/wp-content\/uploads\/sites\/4\/2022\/09\/Jornal-Webdigital-300x270.png\" alt=\"\" width=\"724\" height=\"652\" srcset=\"https:\/\/www.franquiawsi.com.br\/imprensa\/wp-content\/uploads\/sites\/4\/2022\/09\/Jornal-Webdigital-300x270.png 300w, https:\/\/www.franquiawsi.com.br\/imprensa\/wp-content\/uploads\/sites\/4\/2022\/09\/Jornal-Webdigital.png 1018w\" sizes=\"(max-width: 724px) 100vw, 724px\" \/><\/p>\n","protected":false},"excerpt":{"rendered":"<p>WSI desenvolveu metodologia de Comunica\u00e7\u00e3o e Marketing Inclusivos, alinhada \u00e0s pr\u00e1ticas de DE&amp;I \u2013 Diversidade, Equidade e Inclus\u00e3o, cada vez mais adotadas por empresas no mercado A diversidade \u00e9 o motor da sobreviv\u00eancia e cada vez mais segmentos sociais e empresariais constatam que \u00e9 preciso unir as diferen\u00e7as para alcan\u00e7ar melhores resultados. Pesquisa mundial da [&hellip;]<\/p>\n","protected":false},"author":5,"featured_media":1229,"comment_status":"open","ping_status":"open","sticky":false,"template":"","format":"standard","meta":[],"categories":[3],"tags":[],"yoast_head":"<!-- This site is optimized with the Yoast SEO plugin v14.8.1 - https:\/\/yoast.com\/wordpress\/plugins\/seo\/ -->\n<meta name=\"description\" content=\"WSI desenvolveu metodologia de Comunica\u00e7\u00e3o e Marketing Inclusivos, alinhada \u00e0s pr\u00e1ticas de DE&amp;I \u2013 Diversidade, Equidade e Inclus\u00e3o, cada vez mais adotadas por empresas no mercado\" \/>\n<meta name=\"robots\" content=\"index, follow\" \/>\n<meta name=\"googlebot\" content=\"index, follow, max-snippet:-1, max-image-preview:large, max-video-preview:-1\" \/>\n<meta name=\"bingbot\" content=\"index, follow, max-snippet:-1, max-image-preview:large, max-video-preview:-1\" \/>\n<link rel=\"canonical\" href=\"https:\/\/www.franquiawsi.com.br\/imprensa\/2022\/09\/29\/marketing-inclusivo\/\" \/>\n<meta property=\"og:locale\" content=\"pt_BR\" \/>\n<meta property=\"og:type\" content=\"article\" \/>\n<meta property=\"og:title\" content=\"Marketing inclusivo: entenda por que sua empresa n\u00e3o pode ficar de fora - Franquia WSI\" \/>\n<meta property=\"og:description\" content=\"WSI desenvolveu metodologia de Comunica\u00e7\u00e3o e Marketing Inclusivos, alinhada \u00e0s pr\u00e1ticas de DE&amp;I \u2013 Diversidade, Equidade e Inclus\u00e3o, cada vez mais adotadas por empresas no mercado\" \/>\n<meta property=\"og:url\" content=\"https:\/\/www.franquiawsi.com.br\/imprensa\/2022\/09\/29\/marketing-inclusivo\/\" \/>\n<meta property=\"og:site_name\" content=\"Franquia WSI\" \/>\n<meta property=\"article:published_time\" content=\"2022-09-29T14:55:50+00:00\" \/>\n<meta property=\"article:modified_time\" content=\"2022-11-15T22:19:21+00:00\" \/>\n<meta property=\"og:image\" content=\"https:\/\/www.franquiawsi.com.br\/imprensa\/wp-content\/uploads\/sites\/4\/2022\/09\/Jornal-Webdigital-.png\" \/>\n\t<meta property=\"og:image:width\" content=\"923\" \/>\n\t<meta property=\"og:image:height\" content=\"513\" \/>\n<meta name=\"twitter:card\" content=\"summary_large_image\" \/>\n<script type=\"application\/ld+json\" class=\"yoast-schema-graph\">{\"@context\":\"https:\/\/schema.org\",\"@graph\":[{\"@type\":\"WebSite\",\"@id\":\"https:\/\/www.franquiawsi.com.br\/imprensa\/#website\",\"url\":\"https:\/\/www.franquiawsi.com.br\/imprensa\/\",\"name\":\"Franquia WSI\",\"description\":\"S\\u00f3 mais um site Franquia WSI blogs\",\"potentialAction\":[{\"@type\":\"SearchAction\",\"target\":\"https:\/\/www.franquiawsi.com.br\/imprensa\/?s={search_term_string}\",\"query-input\":\"required name=search_term_string\"}],\"inLanguage\":\"pt-BR\"},{\"@type\":\"ImageObject\",\"@id\":\"https:\/\/www.franquiawsi.com.br\/imprensa\/2022\/09\/29\/marketing-inclusivo\/#primaryimage\",\"inLanguage\":\"pt-BR\",\"url\":\"https:\/\/www.franquiawsi.com.br\/imprensa\/wp-content\/uploads\/sites\/4\/2022\/09\/Jornal-Webdigital-.png\",\"width\":923,\"height\":513},{\"@type\":\"WebPage\",\"@id\":\"https:\/\/www.franquiawsi.com.br\/imprensa\/2022\/09\/29\/marketing-inclusivo\/#webpage\",\"url\":\"https:\/\/www.franquiawsi.com.br\/imprensa\/2022\/09\/29\/marketing-inclusivo\/\",\"name\":\"Marketing inclusivo: entenda por que sua empresa n\\u00e3o pode ficar de fora - Franquia WSI\",\"isPartOf\":{\"@id\":\"https:\/\/www.franquiawsi.com.br\/imprensa\/#website\"},\"primaryImageOfPage\":{\"@id\":\"https:\/\/www.franquiawsi.com.br\/imprensa\/2022\/09\/29\/marketing-inclusivo\/#primaryimage\"},\"datePublished\":\"2022-09-29T14:55:50+00:00\",\"dateModified\":\"2022-11-15T22:19:21+00:00\",\"author\":{\"@id\":\"https:\/\/www.franquiawsi.com.br\/imprensa\/#\/schema\/person\/aba595c00e708b7a14d2efcb147ff1be\"},\"description\":\"WSI desenvolveu metodologia de Comunica\\u00e7\\u00e3o e Marketing Inclusivos, alinhada \\u00e0s pr\\u00e1ticas de DE&I \\u2013 Diversidade, Equidade e Inclus\\u00e3o, cada vez mais adotadas por empresas no mercado\",\"inLanguage\":\"pt-BR\",\"potentialAction\":[{\"@type\":\"ReadAction\",\"target\":[\"https:\/\/www.franquiawsi.com.br\/imprensa\/2022\/09\/29\/marketing-inclusivo\/\"]}]},{\"@type\":\"Person\",\"@id\":\"https:\/\/www.franquiawsi.com.br\/imprensa\/#\/schema\/person\/aba595c00e708b7a14d2efcb147ff1be\",\"name\":\"WSI Franquia\",\"image\":{\"@type\":\"ImageObject\",\"@id\":\"https:\/\/www.franquiawsi.com.br\/imprensa\/#personlogo\",\"inLanguage\":\"pt-BR\",\"url\":\"https:\/\/secure.gravatar.com\/avatar\/3fb0a15a80d84a0edf3c012b563ded7b?s=96&d=mm&r=g\",\"caption\":\"WSI Franquia\"},\"description\":\"A WSI foi fundada em 1995 e desde ent\\u00e3o oferece franquias de Marketing Digital para empreendedores em todo o mundo. A WSI opera no Brasil h\\u00e1 mais de 10 anos, com mais de 20 franquias ativas, empregando mais de 80 profissionais e uma rede de parceiros locais homologados. Reconhecida como uma provedora de solu\\u00e7\\u00f5es de Marketing Digital global, a WSI promove parcerias poderosas, o que fortalece muito a nossa rede. Para obter mais informa\\u00e7\\u00f5es sobre oportunidades de franquia WSI, entre em contato conosco!\"}]}<\/script>\n<!-- \/ Yoast SEO plugin. -->","_links":{"self":[{"href":"https:\/\/www.franquiawsi.com.br\/imprensa\/wp-json\/wp\/v2\/posts\/1205"}],"collection":[{"href":"https:\/\/www.franquiawsi.com.br\/imprensa\/wp-json\/wp\/v2\/posts"}],"about":[{"href":"https:\/\/www.franquiawsi.com.br\/imprensa\/wp-json\/wp\/v2\/types\/post"}],"author":[{"embeddable":true,"href":"https:\/\/www.franquiawsi.com.br\/imprensa\/wp-json\/wp\/v2\/users\/5"}],"replies":[{"embeddable":true,"href":"https:\/\/www.franquiawsi.com.br\/imprensa\/wp-json\/wp\/v2\/comments?post=1205"}],"version-history":[{"count":8,"href":"https:\/\/www.franquiawsi.com.br\/imprensa\/wp-json\/wp\/v2\/posts\/1205\/revisions"}],"predecessor-version":[{"id":1240,"href":"https:\/\/www.franquiawsi.com.br\/imprensa\/wp-json\/wp\/v2\/posts\/1205\/revisions\/1240"}],"wp:featuredmedia":[{"embeddable":true,"href":"https:\/\/www.franquiawsi.com.br\/imprensa\/wp-json\/wp\/v2\/media\/1229"}],"wp:attachment":[{"href":"https:\/\/www.franquiawsi.com.br\/imprensa\/wp-json\/wp\/v2\/media?parent=1205"}],"wp:term":[{"taxonomy":"category","embeddable":true,"href":"https:\/\/www.franquiawsi.com.br\/imprensa\/wp-json\/wp\/v2\/categories?post=1205"},{"taxonomy":"post_tag","embeddable":true,"href":"https:\/\/www.franquiawsi.com.br\/imprensa\/wp-json\/wp\/v2\/tags?post=1205"}],"curies":[{"name":"wp","href":"https:\/\/api.w.org\/{rel}","templated":true}]}}