{"id":1233,"date":"2022-11-11T11:23:45","date_gmt":"2022-11-11T14:23:45","guid":{"rendered":"https:\/\/www.franquiawsi.com.br\/imprensa\/?p=1233"},"modified":"2022-11-11T11:27:03","modified_gmt":"2022-11-11T14:27:03","slug":"black-friday-2022-seis-em-cada-dez-brasileiros-pretendem-realizar-compras-em-2022","status":"publish","type":"post","link":"https:\/\/www.franquiawsi.com.br\/imprensa\/2022\/11\/11\/black-friday-2022-seis-em-cada-dez-brasileiros-pretendem-realizar-compras-em-2022\/","title":{"rendered":"Black Friday 2022: Seis em cada dez brasileiros pretendem realizar compras em 2022"},"content":{"rendered":"<p align=\"center\"><i>Especialistas d\u00e3o dicas para microempreendedores e consumidores \u00a0<\/i><\/p>\n<p>Uma pesquisa feita pela Offerwise em parceria com a Google constatou que 60% dos entrevistados pretendem realizar compras na Black Friday 2022. A pesquisa foi realizada em outubro deste ano com 500 pessoas das classes A, B e C, que declararam conhecer a Black Friday.<\/p>\n<p>Embalada com a realiza\u00e7\u00e3o da Copa do Mundo no Catar, para os varejistas, os eventos simult\u00e2neos podem ser uma oportunidade para mais vendas. De acordo com a pesquisa, o evento esportivo deve impulsionar as vendas em alguns segmentos espec\u00edficos. Na pesquisa, 26% dos consumidores declaram que devem comprar alimentos, 25% v\u00e3o comprar bebidas, 19% pretendem comprar roupas e acess\u00f3rios e 17% v\u00e3o investir especificamente em moda esportiva<strong>.<\/strong><\/p>\n<p>Confira a mensagem nos portais: <a href=\"https:\/\/sb24horas.com.br\/black-friday-2022-seis-em-cada-dez-brasileiros-pretendem-realizar-compras-em-2022\/\" target=\"_blank\" rel=\"noopener noreferrer\">https:\/\/sb24horas.com.br\/black-friday-2022-seis-em-cada-dez-brasileiros-pretendem-realizar-compras-em-2022\/<\/a><br \/>\n<a href=\"https:\/\/www.diariodacidade.com.br\/black-friday-2022-seis-em-cada-dez-brasileiros-pretendem-realizar-compras-em-2022\/\" target=\"_blank\" rel=\"noopener noreferrer\">https:\/\/www.diariodacidade.com.br\/black-friday-2022-seis-em-cada-dez-brasileiros-pretendem-realizar-compras-em-2022\/<\/a><br \/>\n<a href=\"https:\/\/palavradigital.wordpress.com\/2022\/11\/09\/seis-em-cada-dez-brasileiros-pretendem-realizar-compras-em-2022\/\" target=\"_blank\" rel=\"noopener noreferrer\">https:\/\/palavradigital.wordpress.com\/2022\/11\/09\/seis-em-cada-dez-brasileiros-pretendem-realizar-compras-em-2022\/<\/a><br \/>\n<a href=\"http:\/\/jornalwebdigital.blogspot.com\/2022\/11\/black-friday-2022-seis-em-cada-dez.html#comment-form\" target=\"_blank\" rel=\"noopener noreferrer\">http:\/\/jornalwebdigital.blogspot.com\/2022\/11\/black-friday-2022-seis-em-cada-dez.html#comment-form\u00a0<\/a><\/p>\n<p><img loading=\"lazy\" class=\"alignnone size-medium wp-image-1237\" src=\"https:\/\/www.franquiawsi.com.br\/imprensa\/wp-content\/uploads\/sites\/4\/2022\/11\/Captura-de-Tela-2022-11-11-a\u0300s-11.25.00-300x158.png\" alt=\"\" width=\"300\" height=\"158\" srcset=\"https:\/\/www.franquiawsi.com.br\/imprensa\/wp-content\/uploads\/sites\/4\/2022\/11\/Captura-de-Tela-2022-11-11-a\u0300s-11.25.00-300x158.png 300w, https:\/\/www.franquiawsi.com.br\/imprensa\/wp-content\/uploads\/sites\/4\/2022\/11\/Captura-de-Tela-2022-11-11-a\u0300s-11.25.00-1024x539.png 1024w, https:\/\/www.franquiawsi.com.br\/imprensa\/wp-content\/uploads\/sites\/4\/2022\/11\/Captura-de-Tela-2022-11-11-a\u0300s-11.25.00-768x404.png 768w, https:\/\/www.franquiawsi.com.br\/imprensa\/wp-content\/uploads\/sites\/4\/2022\/11\/Captura-de-Tela-2022-11-11-a\u0300s-11.25.00.png 1227w\" sizes=\"(max-width: 300px) 100vw, 300px\" \/><\/p>\n<p><img loading=\"lazy\" class=\"alignnone size-medium wp-image-1238\" src=\"https:\/\/www.franquiawsi.com.br\/imprensa\/wp-content\/uploads\/sites\/4\/2022\/11\/black-friday-banner-300x180.jpg\" alt=\"\" width=\"300\" height=\"180\" srcset=\"https:\/\/www.franquiawsi.com.br\/imprensa\/wp-content\/uploads\/sites\/4\/2022\/11\/black-friday-banner-300x180.jpg 300w, https:\/\/www.franquiawsi.com.br\/imprensa\/wp-content\/uploads\/sites\/4\/2022\/11\/black-friday-banner-768x461.jpg 768w, https:\/\/www.franquiawsi.com.br\/imprensa\/wp-content\/uploads\/sites\/4\/2022\/11\/black-friday-banner.jpg 1000w\" sizes=\"(max-width: 300px) 100vw, 300px\" \/><\/p>\n","protected":false},"excerpt":{"rendered":"<p>Especialistas d\u00e3o dicas para microempreendedores e consumidores \u00a0 Uma pesquisa feita pela Offerwise em parceria com a Google constatou que 60% dos entrevistados pretendem realizar compras na Black Friday 2022. A pesquisa foi realizada em outubro deste ano com 500 pessoas das classes A, B e C, que declararam conhecer a Black Friday. Embalada com [&hellip;]<\/p>\n","protected":false},"author":5,"featured_media":1234,"comment_status":"open","ping_status":"open","sticky":false,"template":"","format":"standard","meta":[],"categories":[1],"tags":[],"yoast_head":"<!-- This site is optimized with the Yoast SEO plugin v14.8.1 - https:\/\/yoast.com\/wordpress\/plugins\/seo\/ -->\n<meta name=\"robots\" content=\"index, follow\" \/>\n<meta name=\"googlebot\" content=\"index, follow, max-snippet:-1, max-image-preview:large, max-video-preview:-1\" \/>\n<meta name=\"bingbot\" content=\"index, follow, max-snippet:-1, max-image-preview:large, max-video-preview:-1\" \/>\n<link rel=\"canonical\" href=\"https:\/\/www.franquiawsi.com.br\/imprensa\/2022\/11\/11\/black-friday-2022-seis-em-cada-dez-brasileiros-pretendem-realizar-compras-em-2022\/\" \/>\n<meta property=\"og:locale\" content=\"pt_BR\" \/>\n<meta property=\"og:type\" content=\"article\" \/>\n<meta property=\"og:title\" content=\"Black Friday 2022: Seis em cada dez brasileiros pretendem realizar compras em 2022 - Franquia WSI\" \/>\n<meta property=\"og:description\" content=\"Especialistas d\u00e3o dicas para microempreendedores e consumidores \u00a0 Uma pesquisa feita pela Offerwise em parceria com a Google constatou que 60% dos entrevistados pretendem realizar compras na Black Friday 2022. A pesquisa foi realizada em outubro deste ano com 500 pessoas das classes A, B e C, que declararam conhecer a Black Friday. Embalada com [&hellip;]\" \/>\n<meta property=\"og:url\" content=\"https:\/\/www.franquiawsi.com.br\/imprensa\/2022\/11\/11\/black-friday-2022-seis-em-cada-dez-brasileiros-pretendem-realizar-compras-em-2022\/\" \/>\n<meta property=\"og:site_name\" content=\"Franquia WSI\" \/>\n<meta property=\"article:published_time\" content=\"2022-11-11T14:23:45+00:00\" \/>\n<meta property=\"article:modified_time\" content=\"2022-11-11T14:27:03+00:00\" \/>\n<meta property=\"og:image\" content=\"https:\/\/www.franquiawsi.com.br\/imprensa\/wp-content\/uploads\/sites\/4\/2022\/11\/sb24horas.png\" \/>\n\t<meta property=\"og:image:width\" content=\"1080\" \/>\n\t<meta property=\"og:image:height\" content=\"420\" \/>\n<meta name=\"twitter:card\" content=\"summary_large_image\" \/>\n<script type=\"application\/ld+json\" class=\"yoast-schema-graph\">{\"@context\":\"https:\/\/schema.org\",\"@graph\":[{\"@type\":\"WebSite\",\"@id\":\"https:\/\/www.franquiawsi.com.br\/imprensa\/#website\",\"url\":\"https:\/\/www.franquiawsi.com.br\/imprensa\/\",\"name\":\"Franquia WSI\",\"description\":\"S\\u00f3 mais um site Franquia WSI blogs\",\"potentialAction\":[{\"@type\":\"SearchAction\",\"target\":\"https:\/\/www.franquiawsi.com.br\/imprensa\/?s={search_term_string}\",\"query-input\":\"required name=search_term_string\"}],\"inLanguage\":\"pt-BR\"},{\"@type\":\"ImageObject\",\"@id\":\"https:\/\/www.franquiawsi.com.br\/imprensa\/2022\/11\/11\/black-friday-2022-seis-em-cada-dez-brasileiros-pretendem-realizar-compras-em-2022\/#primaryimage\",\"inLanguage\":\"pt-BR\",\"url\":\"https:\/\/www.franquiawsi.com.br\/imprensa\/wp-content\/uploads\/sites\/4\/2022\/11\/sb24horas.png\",\"width\":1080,\"height\":420},{\"@type\":\"WebPage\",\"@id\":\"https:\/\/www.franquiawsi.com.br\/imprensa\/2022\/11\/11\/black-friday-2022-seis-em-cada-dez-brasileiros-pretendem-realizar-compras-em-2022\/#webpage\",\"url\":\"https:\/\/www.franquiawsi.com.br\/imprensa\/2022\/11\/11\/black-friday-2022-seis-em-cada-dez-brasileiros-pretendem-realizar-compras-em-2022\/\",\"name\":\"Black Friday 2022: Seis em cada dez brasileiros pretendem realizar compras em 2022 - Franquia WSI\",\"isPartOf\":{\"@id\":\"https:\/\/www.franquiawsi.com.br\/imprensa\/#website\"},\"primaryImageOfPage\":{\"@id\":\"https:\/\/www.franquiawsi.com.br\/imprensa\/2022\/11\/11\/black-friday-2022-seis-em-cada-dez-brasileiros-pretendem-realizar-compras-em-2022\/#primaryimage\"},\"datePublished\":\"2022-11-11T14:23:45+00:00\",\"dateModified\":\"2022-11-11T14:27:03+00:00\",\"author\":{\"@id\":\"https:\/\/www.franquiawsi.com.br\/imprensa\/#\/schema\/person\/aba595c00e708b7a14d2efcb147ff1be\"},\"inLanguage\":\"pt-BR\",\"potentialAction\":[{\"@type\":\"ReadAction\",\"target\":[\"https:\/\/www.franquiawsi.com.br\/imprensa\/2022\/11\/11\/black-friday-2022-seis-em-cada-dez-brasileiros-pretendem-realizar-compras-em-2022\/\"]}]},{\"@type\":\"Person\",\"@id\":\"https:\/\/www.franquiawsi.com.br\/imprensa\/#\/schema\/person\/aba595c00e708b7a14d2efcb147ff1be\",\"name\":\"WSI Franquia\",\"image\":{\"@type\":\"ImageObject\",\"@id\":\"https:\/\/www.franquiawsi.com.br\/imprensa\/#personlogo\",\"inLanguage\":\"pt-BR\",\"url\":\"https:\/\/secure.gravatar.com\/avatar\/3fb0a15a80d84a0edf3c012b563ded7b?s=96&d=mm&r=g\",\"caption\":\"WSI Franquia\"},\"description\":\"A WSI foi fundada em 1995 e desde ent\\u00e3o oferece franquias de Marketing Digital para empreendedores em todo o mundo. A WSI opera no Brasil h\\u00e1 mais de 10 anos, com mais de 20 franquias ativas, empregando mais de 80 profissionais e uma rede de parceiros locais homologados. Reconhecida como uma provedora de solu\\u00e7\\u00f5es de Marketing Digital global, a WSI promove parcerias poderosas, o que fortalece muito a nossa rede. Para obter mais informa\\u00e7\\u00f5es sobre oportunidades de franquia WSI, entre em contato conosco!\"}]}<\/script>\n<!-- \/ Yoast SEO plugin. -->","_links":{"self":[{"href":"https:\/\/www.franquiawsi.com.br\/imprensa\/wp-json\/wp\/v2\/posts\/1233"}],"collection":[{"href":"https:\/\/www.franquiawsi.com.br\/imprensa\/wp-json\/wp\/v2\/posts"}],"about":[{"href":"https:\/\/www.franquiawsi.com.br\/imprensa\/wp-json\/wp\/v2\/types\/post"}],"author":[{"embeddable":true,"href":"https:\/\/www.franquiawsi.com.br\/imprensa\/wp-json\/wp\/v2\/users\/5"}],"replies":[{"embeddable":true,"href":"https:\/\/www.franquiawsi.com.br\/imprensa\/wp-json\/wp\/v2\/comments?post=1233"}],"version-history":[{"count":3,"href":"https:\/\/www.franquiawsi.com.br\/imprensa\/wp-json\/wp\/v2\/posts\/1233\/revisions"}],"predecessor-version":[{"id":1239,"href":"https:\/\/www.franquiawsi.com.br\/imprensa\/wp-json\/wp\/v2\/posts\/1233\/revisions\/1239"}],"wp:featuredmedia":[{"embeddable":true,"href":"https:\/\/www.franquiawsi.com.br\/imprensa\/wp-json\/wp\/v2\/media\/1234"}],"wp:attachment":[{"href":"https:\/\/www.franquiawsi.com.br\/imprensa\/wp-json\/wp\/v2\/media?parent=1233"}],"wp:term":[{"taxonomy":"category","embeddable":true,"href":"https:\/\/www.franquiawsi.com.br\/imprensa\/wp-json\/wp\/v2\/categories?post=1233"},{"taxonomy":"post_tag","embeddable":true,"href":"https:\/\/www.franquiawsi.com.br\/imprensa\/wp-json\/wp\/v2\/tags?post=1233"}],"curies":[{"name":"wp","href":"https:\/\/api.w.org\/{rel}","templated":true}]}}