{"id":1257,"date":"2022-11-24T13:25:12","date_gmt":"2022-11-24T16:25:12","guid":{"rendered":"https:\/\/www.franquiawsi.com.br\/imprensa\/?p=1257"},"modified":"2022-11-24T13:29:55","modified_gmt":"2022-11-24T16:29:55","slug":"https-br-noticias-yahoo-com-black-friday-74-dos-brasileiros-212738124-html","status":"publish","type":"post","link":"https:\/\/www.franquiawsi.com.br\/imprensa\/2022\/11\/24\/https-br-noticias-yahoo-com-black-friday-74-dos-brasileiros-212738124-html\/","title":{"rendered":"Black Friday | 74% dos brasileiros preferem comprar no e-commerce"},"content":{"rendered":"<p>O per\u00edodo de isolamento social durante a pandemia de covid-19 impulsionou o crescimento exponencial do com\u00e9rcio online. Segundo Rita Figueiredo, Head Comercial da WSI Londrina, o e-commerce evoluiu dez anos em dois durante o per\u00edodo. Uma das raz\u00f5es para o sucesso da modalidade se d\u00e1 pela praticidade e conforto de realizar compras em casa \u2014 ou onde quer que esteja.<\/p>\n<ul class=\"caas-list caas-list-bullet\">\n<li><a class=\"link\" href=\"https:\/\/canaltech.com.br\/mercado\/startup-lanca-plataforma-de-pagamentos-com-taxa-zero-para-cartoes-229989\/\" target=\"_blank\" rel=\"nofollow noopener noreferrer\" data-ylk=\"slk:Startup lan\u00e7a plataforma de pagamentos com taxa zero para cart\u00f5es\" data-rapid_p=\"6\" data-v9y=\"1\">Startup lan\u00e7a plataforma de pagamentos com taxa zero para cart\u00f5es<\/a><\/li>\n<li><a class=\"link\" href=\"https:\/\/canaltech.com.br\/black-friday\/black-friday-e-commerces-faturam-r-238-milhoes-nas-vesperas-do-evento-229105\/\" target=\"_blank\" rel=\"nofollow noopener noreferrer\" data-ylk=\"slk:Black Friday | E-commerces faturam R$ 238 milh\u00f5es nas v\u00e9speras do evento\" data-rapid_p=\"7\" data-v9y=\"1\">Black Friday | E-commerces faturam R$ 238 milh\u00f5es nas v\u00e9speras do evento<\/a><\/li>\n<\/ul>\n<p>Dados de um levantamento da SmartHint corrobora com a declara\u00e7\u00e3o de Figueiredo, demonstrando um crescimento de 785% no faturamento do e-commerce durante os primeiros cinco meses deste ano, em rela\u00e7\u00e3o ao mesmo per\u00edodo antes da pandemia. \u201c\u00c9 o neg\u00f3cio do momento\u201d, afirmou a Head.<\/p>\n<p>Al\u00e9m disso, uma pesquisa da Connected Life aponta que 74% dos brasileiros preferem a facilidade do e-commerce, enquanto 68% afirma realizar pesquisas online antes de comprar em uma loja f\u00edsica. No entanto, outro estudo da McKinsey e Associa\u00e7\u00e3o Brasileira de Anunciantes (Aba) revela que 80% das empresas nacionais ainda \u201cengatinham\u201d no marketing digital, 23% s\u00e3o iniciantes e 57% emergentes.<\/p>\n<figure class=\"caas-figure\">\n<div class=\"caas-figure-with-pb\">\n<div>\n<div class=\"caas-img-container\"><img class=\"caas-img caas-lazy has-preview caas-loaded\" src=\"https:\/\/s.yimg.com\/ny\/api\/res\/1.2\/Qz1.GTgxPSw_XpCx6kMitw--\/YXBwaWQ9aGlnaGxhbmRlcjt3PTk2MDtoPTY0MDtjZj13ZWJw\/https:\/\/media.zenfs.com\/pt\/canal_tech_990\/8d147d1aebe8b31ca161a20db3cfe5bf\" alt=\"Dados apontam que o e-commerce evoluiu dez anos em dois \u2014 durante o per\u00edodo de isolamento social na pandemia de covid-19. (Imagem: Reprodu\u00e7\u00e3o\/twenty20photos\/Envato)\" data-caas-lazy-loading-init=\"1\" \/><\/div>\n<\/div>\n<\/div>\n<div class=\"caption-wrapper caption-aligned-with-image\">\n<div class=\"caption-wrapper caption-aligned-with-image\"><\/div>\n<\/div><figcaption class=\"caption-collapse\" data-id=\"m-0\">Dados apontam que o e-commerce evoluiu dez anos em dois \u2014 durante o per\u00edodo de isolamento social na pandemia de covid-19. (Imagem: Reprodu\u00e7\u00e3o\/twenty20photos\/Envato)<\/figcaption><\/figure>\n<div class=\"caas-da\">\n<div id=\"sda-INARTICLE\"><\/div>\n<\/div>\n<h2>A import\u00e2ncia do marketing digital para o e-commerce<\/h2>\n<p>Segundo informa\u00e7\u00f5es levantadas pelo programa Digital AdSpend 2021, com a Kantar Ibope Media, a publicidade digital movimentou R$ 30,2 bilh\u00f5es no ano passado \u2014 aumento de 27% em rela\u00e7\u00e3o ao ano anterior e 74,2% ante 2020. Para Figueiredo, o marketing digital vai muito al\u00e9m da publicidade tradicional, em que seu objetivo vai al\u00e9m de encontrar potenciais compradores, mas efetivar a venda.<\/p>\n<p>Ela acrescenta que o marketing digital tem custo e risco medidos, o que \u00e9 muito vantajoso principalmente para pequenas e m\u00e9dias empresas que nem sempre possuem recursos para contratar uma ag\u00eancia de publicidade. \u201cCom a metodologia que WSI trabalha, conseguimos rapidamente saber se estamos no caminho certo para realizar a venda. J\u00e1 sa\u00edmos da primeira reuni\u00e3o com um projeto de escopo pronto\u201d, diz.<\/p>\n<p>Para tra\u00e7ar estrat\u00e9gias de maneira segura, o processo inclui v\u00e1rias etapas e encontros para definir a melhor metodologia de a\u00e7\u00e3o. Sendo assim, o primeiro passo para vender usando o\u00a0<a class=\"link\" href=\"https:\/\/canaltech.com.br\/marketing\/\" target=\"_blank\" rel=\"nofollow noopener noreferrer\" data-ylk=\"slk:marketing digital\" data-rapid_p=\"9\" data-v9y=\"1\">marketing digital\u00a0<\/a>\u00e9 identificar onde o cliente quer chegar, quem \u00e9 o seu p\u00fablico e o que ser\u00e1 vendido.<\/p>\n<p>A Head ainda ressalta a import\u00e2ncia em saber qual equipamento o consumidor usa para acessar as informa\u00e7\u00f5es da empresa, seja desktop, smartphone ou tablet, para garantir a melhor experi\u00eancia do usu\u00e1rio: \u201cUma coisa \u00e9 um site bonito, cheio de recursos, mas pesado demais. Outra coisa \u00e9 um site amig\u00e1vel, f\u00e1cil de navegar\u201d.<\/p>\n<h2>Mercado emergente: cresce o n\u00famero de idosos online<\/h2>\n<p>Para aumentar a<a class=\"link\" href=\"https:\/\/canaltech.com.br\/mercado\/5-dicas-para-aumentar-a-taxa-de-conversao-da-sua-loja-virtual-225314\/\" target=\"_blank\" rel=\"nofollow noopener noreferrer\" data-ylk=\"slk:taxa de convers\u00e3o\" data-rapid_p=\"10\" data-v9y=\"1\">\u00a0taxa de convers\u00e3o\u00a0<\/a>da sua loja, \u00e9 muito importante conhecer bem o perfil do consumidor. Um estudo demonstra que pessoas de 65 a 75 anos est\u00e3o cada vez mais presentes nas redes sociais. Os dados ainda apontam que de 2015 a 2022, a participa\u00e7\u00e3o desse grupo cresceu 4.937% no\u00a0<a class=\"link\" href=\"https:\/\/canaltech.com.br\/empresa\/instagram\/\" target=\"_blank\" rel=\"nofollow noopener noreferrer\" data-ylk=\"slk:Instagram\" data-rapid_p=\"11\" data-v9y=\"1\">Instagram<\/a>, 886% no\u00a0<a class=\"link\" href=\"https:\/\/canaltech.com.br\/empresa\/youtube\/\" target=\"_blank\" rel=\"nofollow noopener noreferrer\" data-ylk=\"slk:YouTube\" data-rapid_p=\"12\" data-v9y=\"1\">YouTube<\/a>, 707% no\u00a0<a class=\"link\" href=\"https:\/\/canaltech.com.br\/empresa\/whatsapp\/\" target=\"_blank\" rel=\"nofollow noopener noreferrer\" data-ylk=\"slk:WhatsApp\" data-rapid_p=\"13\" data-v9y=\"1\">WhatsApp<\/a>\u00a0e 255% no\u00a0<a class=\"link\" href=\"https:\/\/canaltech.com.br\/empresa\/facebook\/\" target=\"_blank\" rel=\"nofollow noopener noreferrer\" data-ylk=\"slk:Facebook\" data-rapid_p=\"14\" data-v9y=\"1\">Facebook<\/a>.<\/p>\n<p>\u201c\u00c9 um novo nicho a ser explorado pelo marketing digital, com aten\u00e7\u00e3o \u00e0s demandas espec\u00edficas desses consumidores, o que confirma a relev\u00e2ncia desse segmento de publicidade\u201d, afirma Rita.<\/p>\n<div class=\"caas-readmore caas-readmore-collapse\"><\/div>\n<p>Fontes: <a href=\"https:\/\/canaltech.com.br\/e-commerce\/black-friday-74-dos-brasileiros-preferem-comprar-no-e-commerce-230087\/\" target=\"_blank\" rel=\"noopener noreferrer\">Canaltech<\/a>, <a href=\"https:\/\/br.noticias.yahoo.com\/black-friday-74-dos-brasileiros-212738124.html\" target=\"_blank\" rel=\"noopener noreferrer\">Yahoo Not\u00edcias<\/a>, <a href=\"https:\/\/br.financas.yahoo.com\/noticias\/black-friday-74-dos-brasileiros-212738124.html\" target=\"_blank\" rel=\"noopener noreferrer\">Yahoo Finan\u00e7as<\/a>,<\/p>\n","protected":false},"excerpt":{"rendered":"<p>O per\u00edodo de isolamento social durante a pandemia de covid-19 impulsionou o crescimento exponencial do com\u00e9rcio online. Segundo Rita Figueiredo, Head Comercial da WSI Londrina, o e-commerce evoluiu dez anos em dois durante o per\u00edodo. Uma das raz\u00f5es para o sucesso da modalidade se d\u00e1 pela praticidade e conforto de realizar compras em casa \u2014 [&hellip;]<\/p>\n","protected":false},"author":5,"featured_media":1260,"comment_status":"open","ping_status":"open","sticky":false,"template":"","format":"standard","meta":[],"categories":[3],"tags":[6],"yoast_head":"<!-- This site is optimized with the Yoast SEO plugin v14.8.1 - https:\/\/yoast.com\/wordpress\/plugins\/seo\/ -->\n<meta name=\"robots\" content=\"index, follow\" \/>\n<meta name=\"googlebot\" content=\"index, follow, max-snippet:-1, max-image-preview:large, max-video-preview:-1\" \/>\n<meta name=\"bingbot\" content=\"index, follow, max-snippet:-1, max-image-preview:large, max-video-preview:-1\" \/>\n<link rel=\"canonical\" href=\"https:\/\/www.franquiawsi.com.br\/imprensa\/2022\/11\/24\/https-br-noticias-yahoo-com-black-friday-74-dos-brasileiros-212738124-html\/\" \/>\n<meta property=\"og:locale\" content=\"pt_BR\" \/>\n<meta property=\"og:type\" content=\"article\" \/>\n<meta property=\"og:title\" content=\"Black Friday | 74% dos brasileiros preferem comprar no e-commerce - Franquia WSI\" \/>\n<meta property=\"og:description\" content=\"O per\u00edodo de isolamento social durante a pandemia de covid-19 impulsionou o crescimento exponencial do com\u00e9rcio online. Segundo Rita Figueiredo, Head Comercial da WSI Londrina, o e-commerce evoluiu dez anos em dois durante o per\u00edodo. Uma das raz\u00f5es para o sucesso da modalidade se d\u00e1 pela praticidade e conforto de realizar compras em casa \u2014 [&hellip;]\" \/>\n<meta property=\"og:url\" content=\"https:\/\/www.franquiawsi.com.br\/imprensa\/2022\/11\/24\/https-br-noticias-yahoo-com-black-friday-74-dos-brasileiros-212738124-html\/\" \/>\n<meta property=\"og:site_name\" content=\"Franquia WSI\" \/>\n<meta property=\"article:published_time\" content=\"2022-11-24T16:25:12+00:00\" \/>\n<meta property=\"article:modified_time\" content=\"2022-11-24T16:29:55+00:00\" \/>\n<meta property=\"og:image\" content=\"https:\/\/www.franquiawsi.com.br\/imprensa\/wp-content\/uploads\/sites\/4\/2022\/11\/Yahoo-Logo-PNG3.png\" \/>\n\t<meta property=\"og:image:width\" content=\"3840\" \/>\n\t<meta property=\"og:image:height\" content=\"2160\" \/>\n<meta name=\"twitter:card\" content=\"summary_large_image\" \/>\n<script type=\"application\/ld+json\" class=\"yoast-schema-graph\">{\"@context\":\"https:\/\/schema.org\",\"@graph\":[{\"@type\":\"WebSite\",\"@id\":\"https:\/\/www.franquiawsi.com.br\/imprensa\/#website\",\"url\":\"https:\/\/www.franquiawsi.com.br\/imprensa\/\",\"name\":\"Franquia WSI\",\"description\":\"S\\u00f3 mais um site Franquia WSI blogs\",\"potentialAction\":[{\"@type\":\"SearchAction\",\"target\":\"https:\/\/www.franquiawsi.com.br\/imprensa\/?s={search_term_string}\",\"query-input\":\"required name=search_term_string\"}],\"inLanguage\":\"pt-BR\"},{\"@type\":\"ImageObject\",\"@id\":\"https:\/\/www.franquiawsi.com.br\/imprensa\/2022\/11\/24\/https-br-noticias-yahoo-com-black-friday-74-dos-brasileiros-212738124-html\/#primaryimage\",\"inLanguage\":\"pt-BR\",\"url\":\"https:\/\/www.franquiawsi.com.br\/imprensa\/wp-content\/uploads\/sites\/4\/2022\/11\/Yahoo-Logo-PNG3.png\",\"width\":3840,\"height\":2160},{\"@type\":\"WebPage\",\"@id\":\"https:\/\/www.franquiawsi.com.br\/imprensa\/2022\/11\/24\/https-br-noticias-yahoo-com-black-friday-74-dos-brasileiros-212738124-html\/#webpage\",\"url\":\"https:\/\/www.franquiawsi.com.br\/imprensa\/2022\/11\/24\/https-br-noticias-yahoo-com-black-friday-74-dos-brasileiros-212738124-html\/\",\"name\":\"Black Friday | 74% dos brasileiros preferem comprar no e-commerce - Franquia WSI\",\"isPartOf\":{\"@id\":\"https:\/\/www.franquiawsi.com.br\/imprensa\/#website\"},\"primaryImageOfPage\":{\"@id\":\"https:\/\/www.franquiawsi.com.br\/imprensa\/2022\/11\/24\/https-br-noticias-yahoo-com-black-friday-74-dos-brasileiros-212738124-html\/#primaryimage\"},\"datePublished\":\"2022-11-24T16:25:12+00:00\",\"dateModified\":\"2022-11-24T16:29:55+00:00\",\"author\":{\"@id\":\"https:\/\/www.franquiawsi.com.br\/imprensa\/#\/schema\/person\/aba595c00e708b7a14d2efcb147ff1be\"},\"inLanguage\":\"pt-BR\",\"potentialAction\":[{\"@type\":\"ReadAction\",\"target\":[\"https:\/\/www.franquiawsi.com.br\/imprensa\/2022\/11\/24\/https-br-noticias-yahoo-com-black-friday-74-dos-brasileiros-212738124-html\/\"]}]},{\"@type\":\"Person\",\"@id\":\"https:\/\/www.franquiawsi.com.br\/imprensa\/#\/schema\/person\/aba595c00e708b7a14d2efcb147ff1be\",\"name\":\"WSI Franquia\",\"image\":{\"@type\":\"ImageObject\",\"@id\":\"https:\/\/www.franquiawsi.com.br\/imprensa\/#personlogo\",\"inLanguage\":\"pt-BR\",\"url\":\"https:\/\/secure.gravatar.com\/avatar\/3fb0a15a80d84a0edf3c012b563ded7b?s=96&d=mm&r=g\",\"caption\":\"WSI Franquia\"},\"description\":\"A WSI foi fundada em 1995 e desde ent\\u00e3o oferece franquias de Marketing Digital para empreendedores em todo o mundo. A WSI opera no Brasil h\\u00e1 mais de 10 anos, com mais de 20 franquias ativas, empregando mais de 80 profissionais e uma rede de parceiros locais homologados. Reconhecida como uma provedora de solu\\u00e7\\u00f5es de Marketing Digital global, a WSI promove parcerias poderosas, o que fortalece muito a nossa rede. Para obter mais informa\\u00e7\\u00f5es sobre oportunidades de franquia WSI, entre em contato conosco!\"}]}<\/script>\n<!-- \/ Yoast SEO plugin. -->","_links":{"self":[{"href":"https:\/\/www.franquiawsi.com.br\/imprensa\/wp-json\/wp\/v2\/posts\/1257"}],"collection":[{"href":"https:\/\/www.franquiawsi.com.br\/imprensa\/wp-json\/wp\/v2\/posts"}],"about":[{"href":"https:\/\/www.franquiawsi.com.br\/imprensa\/wp-json\/wp\/v2\/types\/post"}],"author":[{"embeddable":true,"href":"https:\/\/www.franquiawsi.com.br\/imprensa\/wp-json\/wp\/v2\/users\/5"}],"replies":[{"embeddable":true,"href":"https:\/\/www.franquiawsi.com.br\/imprensa\/wp-json\/wp\/v2\/comments?post=1257"}],"version-history":[{"count":2,"href":"https:\/\/www.franquiawsi.com.br\/imprensa\/wp-json\/wp\/v2\/posts\/1257\/revisions"}],"predecessor-version":[{"id":1261,"href":"https:\/\/www.franquiawsi.com.br\/imprensa\/wp-json\/wp\/v2\/posts\/1257\/revisions\/1261"}],"wp:featuredmedia":[{"embeddable":true,"href":"https:\/\/www.franquiawsi.com.br\/imprensa\/wp-json\/wp\/v2\/media\/1260"}],"wp:attachment":[{"href":"https:\/\/www.franquiawsi.com.br\/imprensa\/wp-json\/wp\/v2\/media?parent=1257"}],"wp:term":[{"taxonomy":"category","embeddable":true,"href":"https:\/\/www.franquiawsi.com.br\/imprensa\/wp-json\/wp\/v2\/categories?post=1257"},{"taxonomy":"post_tag","embeddable":true,"href":"https:\/\/www.franquiawsi.com.br\/imprensa\/wp-json\/wp\/v2\/tags?post=1257"}],"curies":[{"name":"wp","href":"https:\/\/api.w.org\/{rel}","templated":true}]}}