{"id":1269,"date":"2022-11-24T14:00:49","date_gmt":"2022-11-24T17:00:49","guid":{"rendered":"https:\/\/www.franquiawsi.com.br\/imprensa\/?p=1269"},"modified":"2023-01-31T20:49:19","modified_gmt":"2023-01-31T23:49:19","slug":"black-friday-2022-seis-em-cada-dez-brasileiros-pretendem-realizar-compras-em-2022-2","status":"publish","type":"post","link":"https:\/\/www.franquiawsi.com.br\/imprensa\/2022\/11\/24\/black-friday-2022-seis-em-cada-dez-brasileiros-pretendem-realizar-compras-em-2022-2\/","title":{"rendered":"Black Friday 2022: Seis em cada dez brasileiros pretendem realizar compras em 2022"},"content":{"rendered":"<figure id=\"attachment_131696\" class=\"wp-caption aligncenter\" aria-describedby=\"caption-attachment-131696\"><img loading=\"lazy\" class=\"wp-image-131696 size-full\" src=\"https:\/\/impactomais.com.br\/wp-content\/uploads\/2022\/11\/black-friday.jpg\" sizes=\"(max-width: 1200px) 100vw, 1200px\" srcset=\"https:\/\/impactomais.com.br\/wp-content\/uploads\/2022\/11\/black-friday.jpg 1200w, https:\/\/impactomais.com.br\/wp-content\/uploads\/2022\/11\/black-friday-300x157.jpg 300w, https:\/\/impactomais.com.br\/wp-content\/uploads\/2022\/11\/black-friday-1024x535.jpg 1024w, https:\/\/impactomais.com.br\/wp-content\/uploads\/2022\/11\/black-friday-768x401.jpg 768w, https:\/\/impactomais.com.br\/wp-content\/uploads\/2022\/11\/black-friday-750x392.jpg 750w, https:\/\/impactomais.com.br\/wp-content\/uploads\/2022\/11\/black-friday-1140x596.jpg 1140w\" alt=\"\" width=\"1200\" height=\"627\" data-pin-no-hover=\"true\" \/><figcaption id=\"caption-attachment-131696\" class=\"wp-caption-text\">Foto: Divulga\u00e7\u00e3o<\/figcaption><\/figure>\n<p>Uma pesquisa feita pela Offerwise em parceria com a Google constatou que 60% dos entrevistados pretendem realizar compras na Black Friday 2022. A pesquisa foi realizada em outubro deste ano com 500 pessoas das classes A, B e C, que declararam conhecer a Black Friday.<\/p>\n<p>Embalada com a realiza\u00e7\u00e3o da Copa do Mundo no Catar, para os varejistas, os eventos simult\u00e2neos podem ser uma oportunidade para mais vendas. De acordo com a pesquisa, o evento esportivo deve impulsionar as vendas em alguns segmentos espec\u00edficos. Na pesquisa, 26% dos consumidores declaram que devem comprar alimentos, 25% v\u00e3o comprar bebidas, 19% pretendem comprar roupas e acess\u00f3rios e 17% v\u00e3o investir especificamente em moda esportiva.<\/p>\n<p>Vagas de emprego e posicionamento das empresas<\/p>\n<p>Para Caio Cunha, especialista em e-commerce e presidente da WSI Brasil, cofundador da WSI Consultoria, empresa que trabalha em solu\u00e7\u00f5es de marketing digital e estrat\u00e9gia, a vers\u00e3o deste ano da Black Friday deve aquecer de forma consider\u00e1vel o mercado, para ele \u00e9 o momento de as empresas se mostrarem para seus consumidores e se posicionarem, principalmente, no segmento do mercado eletr\u00f4nico, que tamb\u00e9m deve gerar novas vagas de trabalho.<\/p>\n<p>\u201cNo com\u00e9rcio eletr\u00f4nico a expectativa \u00e9 que sejam geradas mais de 109 mil vagas, justamente para oferecer solu\u00e7\u00f5es digitais que ir\u00e3o permitir que as empresas aumentem suas vendas para atender a tend\u00eancia de crescimento de consumo neste final de ano, para se ter uma ideia, o com\u00e9rcio eletr\u00f4nico deve movimentar mais de R $ 6 bilh\u00f5es nesta Black Friday\u201d, explica Cunha.<\/p>\n<p>Entre as novidades do com\u00e9rcio eletr\u00f4nico em 2022, o Google, no \u00faltimo m\u00eas de outubro, lan\u00e7ou novas ferramentas e dados que visam guiar lojistas durante a Black Friday, em 2022. A empresa deve oferecer um selo para empresas de e-commerce que mostram produtos com algum diferencial. A ideia \u00e9 dar mais destaque para o que for comercializado com descontos, frete gr\u00e1tis, entregas r\u00e1pidas ou cashback, por exemplo.<\/p>\n<p>\u201cNa Black Friday deste ano \u00e9 muito importante que as marcas e as empresas busquem um posicionamento de modo que elas possam se destacar na concorr\u00eancia em busca desses consumidores, deste mercado que deve crescer muito mais, comparando com o que foi vendido nos \u00faltimos anos\u201d, destaca o especialista.<\/p>\n<p>Manifesta\u00e7\u00f5es podem atrapalhar a Black Friday?<\/p>\n<p>Para o especialista em log\u00edstica e presidente do Conselho de Administra\u00e7\u00e3o da Pathfind, Antonio Wrobleski, a Black Friday deste ano n\u00e3o deve ser atrapalhada devido \u00e0s manifesta\u00e7\u00f5es no pa\u00eds, para ele, existe um tempo h\u00e1bil para que at\u00e9 a data deste ano (25\/11), n\u00e3o tenhamos mais estradas bloqueadas. Wrobleski acredita ainda que neste ano, tenhamos uma das Black Friday mais encorpadas dos \u00faltimos anos e coloca tamb\u00e9m a Copa do Mundo do Catar como um dos \u201cingredientes\u201d do crescimento do \u201cbolo\u201d da Black Friday.<\/p>\n<p>\u201cEste ano teremos uma das maiores e fortes edi\u00e7\u00f5es da Black Friday, a Copa do Mundo, a venda de televisores e acess\u00f3rios deve crescer muito, o delivery de bebidas e alimentos deve aumentar muito em fun\u00e7\u00e3o dos jogos, acredito que as manifesta\u00e7\u00f5es n\u00e3o ir\u00e3o atrapalhar o andamento, ainda bem que acabaram essas manifesta\u00e7\u00f5es, pois poderia ter prejudicado o abastecimento em todos os sentidos\u201d, comentou.<\/p>\n<p>O especialista acredita ainda que h\u00e1 uma tend\u00eancia de microempreendedores trabalharem no marketplace dos grandes operadores e que os pequenos varejistas v\u00e3o se destacar nas vendas por e-commerce. \u201cQuase 2 milh\u00f5es de empresas se beneficiam com esse processo de colocar seus produtos no mercado on-line. As pequenas e m\u00e9dias empresas, conseguindo estabelecer um objetivo p\u00e9 no ch\u00e3o, poder\u00e3o vender pela Internet com a ajuda do marketplace dos grandes operadores e realizar muitas vendas nesta Black Friday\u201d.<\/p>\n<p>Para isso, Wrobleski d\u00e1 algumas dicas: \u201cPesquisar sobre o seu produto e o posicionamento dele no mercado para concluir se h\u00e1 necessidade de aumentar o estoque ou n\u00e3o. Algumas pequenas empresas n\u00e3o t\u00eam hist\u00f3rico de vendas de outros anos na Black Friday, por isso \u00e9 importante que usem outras maiores como refer\u00eancia e inspira\u00e7\u00e3o para a log\u00edstica e fluxo de vendas\u201d.<\/p>\n<p>Cuidado na hora das compras<\/p>\n<p>A Black Friday exige cuidados na hora da compra, a principal indica\u00e7\u00e3o dos especialistas \u00e9 fazer uma ampla pesquisa de pre\u00e7os antecipadamente. De acordo com o Procon, o consumidor precisa tomar alguns cuidados para evitar cair em ciladas. A preven\u00e7\u00e3o come\u00e7a pesquisando bem o produto e o fornecedor. Desconfie de pre\u00e7os milagrosos e ofertas inacredit\u00e1veis. E ao realizar a compra pela Internet, \u00e9 indispens\u00e1vel ficar atento para a exist\u00eancia de sites e perfis de redes sociais falsos ou aqueles que oferecem ofertas enganosas.<\/p>\n<p>O especialista em Direito Internacional, Leonardo Le\u00e3o, alerta que \u00e9 necess\u00e1ria aten\u00e7\u00e3o. Segundo ele, o consumidor deve ficar muito atento para que a Black Friday n\u00e3o vire uma \u2018Black Fraude\u201d. Le\u00e3o, que \u00e9 CEO e consultor de imigra\u00e7\u00e3o e neg\u00f3cios internacionais da Le\u00e3o Group \u2013 com sedes no Brasil, Estados Unidos e Europa -, diz que a Black Friday \u00e9 muito importante economicamente e compara a tentativa dos dias de promo\u00e7\u00f5es aqui no Brasil com a realidade dos EUA.<\/p>\n<p>\u201cNos Estados Unidos, h\u00e1 uma rela\u00e7\u00e3o cl\u00e1ssica de ganha-ganha: os vendedores ganham na quantidade de vendas e os consumidores ganham ao adquirir produtos caros, mas que entram em promo\u00e7\u00f5es excelentes nessa \u00e9poca. No Brasil, infelizmente a regula\u00e7\u00e3o do direito do consumidor \u00e9 muito falha e vemos muitas coisas sendo vendidas pela \u2018metade do dobro\u2019, ou seja, dias antes algumas empresas aumentam o pre\u00e7o de seus produtos para depois vender pelo pre\u00e7o \u2018normal\u201d, ou seja, sem nenhuma promo\u00e7\u00e3o real, ludibriando o consumidor mais desatento\u201d, comenta Le\u00e3o.<\/p>\n<p>Em seu site oficial, o Procon recomenda n\u00e3o clicar em links recebidos por e-mail, WhatsApp ou por mensagens de texto. Al\u00e9m disso, \u00e9 preciso conferir os dados da empresa\/vendedor antes de qualquer compra ou contrata\u00e7\u00e3o. Segundo o \u00f3rg\u00e3o de defesa do consumidor \u00e9 importante observar se a empresa tem endere\u00e7o f\u00edsico e consultar o CNPJ no site da Receita Federal, a fim de verificar se ela foi criada h\u00e1 poucos dias. Tamb\u00e9m \u00e9 recomend\u00e1vel consultar a lista \u201cEvite esses Sites\u201d disponibilizada no site do Procon de S\u00e3o Paulo.<\/p>\n<p>Black Friday come\u00e7ou em 2010 no Brasil<\/p>\n<p>A Black Friday, que surgiu nos Estados Unidos, era conhecida como uma sexta-feira ruim para o com\u00e9rcio. Por ser um dia ap\u00f3s o feriado de A\u00e7\u00e3o de Gra\u00e7as, a queda das vendas era gigante. Para atrair as pessoas a comprarem nesse feriado, criou-se as promo\u00e7\u00f5es de Black Friday.<\/p>\n<p>No Brasil, o mercado importou o dia da megaliquida\u00e7\u00e3o em 2010 e a data passou a ser inclu\u00edda no calend\u00e1rio comercial do pa\u00eds, j\u00e1 que os lojistas perceberam o potencial de vendas do dia. \u201cEm 2012, a iniciativa cresceu, rendendo da mesma propor\u00e7\u00e3o lucros e pol\u00eamicas, como o apelido pejorativo Black Fraude, por isso \u00e9 muito importante estar sempre de olho, fazendo pesquisa e seguindo as orienta\u00e7\u00f5es do Procon\u201d, finaliza Le\u00e3o.<\/p>\n<p><strong>Sobre Antonio Wrobleski<\/strong><\/p>\n<p>Especialista em Log\u00edstica, presidente do Conselho Administrativo da BBM Log\u00edstica, s\u00f3cio e conselheiro da Pathfind. Engenheiro com MBA na NYU (New York University) e tamb\u00e9m s\u00f3cio da Awro Log\u00edstica e Participa\u00e7\u00f5es. Ele foi presidente da Ryder no Brasil de 1996 at\u00e9 2008, em 2009 montou a AWRO Log\u00edstica e Participa\u00e7\u00f5es, com foco em M&amp;A e consolida\u00e7\u00e3o de plataformas no Brasil. Foi Country Manager na DHL e Diretor Executivo na Hertz. O trabalho de Antonio Wrobleski tem exposi\u00e7\u00e3o muito grande no mercado Internacional, com trabalhos em mais de 15 pa\u00edses tanto no trade de importa\u00e7\u00e3o como de exporta\u00e7\u00e3o. Al\u00e9m disso, ele \u00e9 faixa preta em Jiu-j\u00edtsu, h\u00e1 13 anos, e pratica o esporte h\u00e1 30 anos.<\/p>\n<p><strong>Sobre Caio Cunha<\/strong><\/p>\n<p>Presidente da WSI Brasil, cofundador da WSI Consultoria e membro do Global WSI Internet Consultancy Advisory Board. Com mais de 25 anos de experi\u00eancia na ind\u00fastria de tecnologia, atingiu cargos executivos de alto n\u00edvel, em grandes empresas multinacionais como PWC (com clientes IBM e Unisys), SAP e Hitachi Data Systems, no Brasil e no exterior. Consultor em capacita\u00e7\u00e3o empresarial e estrat\u00e9gias de marketing digital, auxilia empresas na busca de solu\u00e7\u00f5es efetivas para a expans\u00e3o de seus neg\u00f3cios.<\/p>\n<p><strong>Sobre Leonardo Le\u00e3o<\/strong><\/p>\n<p>\u00c9 especialista em Direito Internacional, advogado, fundador e CEO\/consultor de imigra\u00e7\u00e3o e neg\u00f3cios internacionais da Le\u00e3o Group. Mestre em Direito pela University of Miami School of Law, com especializa\u00e7\u00e3o na University of Miami Division of Continuing &amp; International Education. \u00c9 p\u00f3s-graduado em Direito Empresarial e Trabalhista pela Funda\u00e7\u00e3o Get\u00falio Vargas (FGV). Possui MBA pela Massachusetts Institute of Business. Tem um vasto conhecimento e hist\u00f3rico comprovado de mais de 15 anos fornecendo conselhos indispens\u00e1veis aos clientes que buscam orienta\u00e7\u00f5es em rela\u00e7\u00e3o a internacionaliza\u00e7\u00e3o de carreiras e neg\u00f3cios.<\/p>\n<p>,<\/p>\n<p>Fonte: <a href=\"https:\/\/impactomais.com.br\/geral\/black-friday-2022-seis-em-cada-dez-brasileiros-pretendem-realizar-compras-em-2022\/\" target=\"_blank\" rel=\"noopener noreferrer\">Impacto+<\/a><\/p>\n","protected":false},"excerpt":{"rendered":"<p>Especialistas d\u00e3o dicas para microempreendedores e consumidores<\/p>\n","protected":false},"author":5,"featured_media":1268,"comment_status":"open","ping_status":"open","sticky":false,"template":"","format":"standard","meta":[],"categories":[1,3],"tags":[],"yoast_head":"<!-- This site is optimized with the Yoast SEO plugin v14.8.1 - https:\/\/yoast.com\/wordpress\/plugins\/seo\/ -->\n<meta name=\"robots\" content=\"index, follow\" \/>\n<meta name=\"googlebot\" content=\"index, follow, max-snippet:-1, max-image-preview:large, max-video-preview:-1\" \/>\n<meta name=\"bingbot\" content=\"index, follow, max-snippet:-1, max-image-preview:large, max-video-preview:-1\" \/>\n<link rel=\"canonical\" href=\"https:\/\/www.franquiawsi.com.br\/imprensa\/2022\/11\/24\/black-friday-2022-seis-em-cada-dez-brasileiros-pretendem-realizar-compras-em-2022-2\/\" \/>\n<meta property=\"og:locale\" content=\"pt_BR\" \/>\n<meta property=\"og:type\" content=\"article\" \/>\n<meta property=\"og:title\" content=\"Black Friday 2022: Seis em cada dez brasileiros pretendem realizar compras em 2022 - Franquia WSI\" \/>\n<meta property=\"og:description\" content=\"Especialistas d\u00e3o dicas para microempreendedores e consumidores\" \/>\n<meta property=\"og:url\" content=\"https:\/\/www.franquiawsi.com.br\/imprensa\/2022\/11\/24\/black-friday-2022-seis-em-cada-dez-brasileiros-pretendem-realizar-compras-em-2022-2\/\" \/>\n<meta property=\"og:site_name\" content=\"Franquia WSI\" \/>\n<meta property=\"article:published_time\" content=\"2022-11-24T17:00:49+00:00\" \/>\n<meta property=\"article:modified_time\" content=\"2023-01-31T23:49:19+00:00\" \/>\n<meta property=\"og:image\" content=\"https:\/\/www.franquiawsi.com.br\/imprensa\/wp-content\/uploads\/sites\/4\/2022\/11\/Design-sem-nome.png\" \/>\n\t<meta property=\"og:image:width\" content=\"1011\" \/>\n\t<meta property=\"og:image:height\" content=\"250\" \/>\n<meta name=\"twitter:card\" content=\"summary_large_image\" \/>\n<script type=\"application\/ld+json\" class=\"yoast-schema-graph\">{\"@context\":\"https:\/\/schema.org\",\"@graph\":[{\"@type\":\"WebSite\",\"@id\":\"https:\/\/www.franquiawsi.com.br\/imprensa\/#website\",\"url\":\"https:\/\/www.franquiawsi.com.br\/imprensa\/\",\"name\":\"Franquia WSI\",\"description\":\"S\\u00f3 mais um site Franquia WSI blogs\",\"potentialAction\":[{\"@type\":\"SearchAction\",\"target\":\"https:\/\/www.franquiawsi.com.br\/imprensa\/?s={search_term_string}\",\"query-input\":\"required name=search_term_string\"}],\"inLanguage\":\"pt-BR\"},{\"@type\":\"ImageObject\",\"@id\":\"https:\/\/www.franquiawsi.com.br\/imprensa\/2022\/11\/24\/black-friday-2022-seis-em-cada-dez-brasileiros-pretendem-realizar-compras-em-2022-2\/#primaryimage\",\"inLanguage\":\"pt-BR\",\"url\":\"https:\/\/www.franquiawsi.com.br\/imprensa\/wp-content\/uploads\/sites\/4\/2022\/11\/Design-sem-nome.png\",\"width\":1011,\"height\":250},{\"@type\":\"WebPage\",\"@id\":\"https:\/\/www.franquiawsi.com.br\/imprensa\/2022\/11\/24\/black-friday-2022-seis-em-cada-dez-brasileiros-pretendem-realizar-compras-em-2022-2\/#webpage\",\"url\":\"https:\/\/www.franquiawsi.com.br\/imprensa\/2022\/11\/24\/black-friday-2022-seis-em-cada-dez-brasileiros-pretendem-realizar-compras-em-2022-2\/\",\"name\":\"Black Friday 2022: Seis em cada dez brasileiros pretendem realizar compras em 2022 - Franquia WSI\",\"isPartOf\":{\"@id\":\"https:\/\/www.franquiawsi.com.br\/imprensa\/#website\"},\"primaryImageOfPage\":{\"@id\":\"https:\/\/www.franquiawsi.com.br\/imprensa\/2022\/11\/24\/black-friday-2022-seis-em-cada-dez-brasileiros-pretendem-realizar-compras-em-2022-2\/#primaryimage\"},\"datePublished\":\"2022-11-24T17:00:49+00:00\",\"dateModified\":\"2023-01-31T23:49:19+00:00\",\"author\":{\"@id\":\"https:\/\/www.franquiawsi.com.br\/imprensa\/#\/schema\/person\/aba595c00e708b7a14d2efcb147ff1be\"},\"inLanguage\":\"pt-BR\",\"potentialAction\":[{\"@type\":\"ReadAction\",\"target\":[\"https:\/\/www.franquiawsi.com.br\/imprensa\/2022\/11\/24\/black-friday-2022-seis-em-cada-dez-brasileiros-pretendem-realizar-compras-em-2022-2\/\"]}]},{\"@type\":\"Person\",\"@id\":\"https:\/\/www.franquiawsi.com.br\/imprensa\/#\/schema\/person\/aba595c00e708b7a14d2efcb147ff1be\",\"name\":\"WSI Franquia\",\"image\":{\"@type\":\"ImageObject\",\"@id\":\"https:\/\/www.franquiawsi.com.br\/imprensa\/#personlogo\",\"inLanguage\":\"pt-BR\",\"url\":\"https:\/\/secure.gravatar.com\/avatar\/3fb0a15a80d84a0edf3c012b563ded7b?s=96&d=mm&r=g\",\"caption\":\"WSI Franquia\"},\"description\":\"A WSI foi fundada em 1995 e desde ent\\u00e3o oferece franquias de Marketing Digital para empreendedores em todo o mundo. A WSI opera no Brasil h\\u00e1 mais de 10 anos, com mais de 20 franquias ativas, empregando mais de 80 profissionais e uma rede de parceiros locais homologados. Reconhecida como uma provedora de solu\\u00e7\\u00f5es de Marketing Digital global, a WSI promove parcerias poderosas, o que fortalece muito a nossa rede. Para obter mais informa\\u00e7\\u00f5es sobre oportunidades de franquia WSI, entre em contato conosco!\"}]}<\/script>\n<!-- \/ Yoast SEO plugin. -->","_links":{"self":[{"href":"https:\/\/www.franquiawsi.com.br\/imprensa\/wp-json\/wp\/v2\/posts\/1269"}],"collection":[{"href":"https:\/\/www.franquiawsi.com.br\/imprensa\/wp-json\/wp\/v2\/posts"}],"about":[{"href":"https:\/\/www.franquiawsi.com.br\/imprensa\/wp-json\/wp\/v2\/types\/post"}],"author":[{"embeddable":true,"href":"https:\/\/www.franquiawsi.com.br\/imprensa\/wp-json\/wp\/v2\/users\/5"}],"replies":[{"embeddable":true,"href":"https:\/\/www.franquiawsi.com.br\/imprensa\/wp-json\/wp\/v2\/comments?post=1269"}],"version-history":[{"count":1,"href":"https:\/\/www.franquiawsi.com.br\/imprensa\/wp-json\/wp\/v2\/posts\/1269\/revisions"}],"predecessor-version":[{"id":1270,"href":"https:\/\/www.franquiawsi.com.br\/imprensa\/wp-json\/wp\/v2\/posts\/1269\/revisions\/1270"}],"wp:featuredmedia":[{"embeddable":true,"href":"https:\/\/www.franquiawsi.com.br\/imprensa\/wp-json\/wp\/v2\/media\/1268"}],"wp:attachment":[{"href":"https:\/\/www.franquiawsi.com.br\/imprensa\/wp-json\/wp\/v2\/media?parent=1269"}],"wp:term":[{"taxonomy":"category","embeddable":true,"href":"https:\/\/www.franquiawsi.com.br\/imprensa\/wp-json\/wp\/v2\/categories?post=1269"},{"taxonomy":"post_tag","embeddable":true,"href":"https:\/\/www.franquiawsi.com.br\/imprensa\/wp-json\/wp\/v2\/tags?post=1269"}],"curies":[{"name":"wp","href":"https:\/\/api.w.org\/{rel}","templated":true}]}}