{"id":256,"date":"2021-02-15T11:03:21","date_gmt":"2021-02-15T14:03:21","guid":{"rendered":"https:\/\/www.franquiawsi.com.br\/imprensa\/?p=256"},"modified":"2021-02-15T11:20:28","modified_gmt":"2021-02-15T14:20:28","slug":"saiba-por-que-as-empresas-precisam-se-adequar-a-lei-geral-de-protecao-de-dados","status":"publish","type":"post","link":"https:\/\/www.franquiawsi.com.br\/imprensa\/2021\/02\/15\/saiba-por-que-as-empresas-precisam-se-adequar-a-lei-geral-de-protecao-de-dados\/","title":{"rendered":"Saiba por que as empresas precisam se adequar \u00e0 Lei Geral de Prote\u00e7\u00e3o de Dados"},"content":{"rendered":"<p>&#8220;Se uma empresa controla e \u00e9 respons\u00e1vel pelos dados pessoais que mant\u00e9m, ela \u00e9 o controlador desses dados. Se, por outro lado, algu\u00e9m det\u00e9m os dados pessoais, mas alguma outra empresa decide e \u00e9 respons\u00e1vel pelo que acontece com esses dados, ent\u00e3o essa outra empresa \u00e9 o processador desses dados&#8221;, explica Vanessa, consultora na WSI Uniquely. <strong>Confira a entrevista na \u00edntegra no <a href=\"https:\/\/eurio.com.br\/noticia\/19530\/saiba-por-que-as-empresas-precisam-se-adequar-a-lei-geral-de-protecao-de-dados.html\" target=\"_blank\" rel=\"noopener noreferrer\">site Eu, Rio!<\/a><\/strong><\/p>\n<p>&nbsp;<\/p>\n<p><a href=\"https:\/\/eurio.com.br\/noticia\/19530\/saiba-por-que-as-empresas-precisam-se-adequar-a-lei-geral-de-protecao-de-dados.html\" target=\"_blank\" rel=\"noopener noreferrer\"><img loading=\"lazy\" class=\"aligncenter wp-image-257\" src=\"https:\/\/www.franquiawsi.com.br\/imprensa\/wp-content\/uploads\/sites\/4\/2021\/02\/saiba-por-que-as-empresas-precisam-se-adequar-a-Lei-Geral-de-Protecao-de-Dados.jpg\" alt=\"\" width=\"546\" height=\"450\" srcset=\"https:\/\/www.franquiawsi.com.br\/imprensa\/wp-content\/uploads\/sites\/4\/2021\/02\/saiba-por-que-as-empresas-precisam-se-adequar-a-Lei-Geral-de-Protecao-de-Dados.jpg 806w, https:\/\/www.franquiawsi.com.br\/imprensa\/wp-content\/uploads\/sites\/4\/2021\/02\/saiba-por-que-as-empresas-precisam-se-adequar-a-Lei-Geral-de-Protecao-de-Dados-300x247.jpg 300w, https:\/\/www.franquiawsi.com.br\/imprensa\/wp-content\/uploads\/sites\/4\/2021\/02\/saiba-por-que-as-empresas-precisam-se-adequar-a-Lei-Geral-de-Protecao-de-Dados-768x633.jpg 768w\" sizes=\"(max-width: 546px) 100vw, 546px\" \/><\/a><\/p>\n","protected":false},"excerpt":{"rendered":"<p>&#8220;Se uma empresa controla e \u00e9 respons\u00e1vel pelos dados pessoais que mant\u00e9m, ela \u00e9 o controlador desses dados. Se, por outro lado, algu\u00e9m det\u00e9m os dados pessoais, mas alguma outra empresa decide e \u00e9 respons\u00e1vel pelo que acontece com esses dados, ent\u00e3o essa outra empresa \u00e9 o processador desses dados&#8221;, explica Vanessa, consultora na WSI [&hellip;]<\/p>\n","protected":false},"author":5,"featured_media":258,"comment_status":"open","ping_status":"open","sticky":false,"template":"","format":"standard","meta":[],"categories":[3],"tags":[],"yoast_head":"<!-- This site is optimized with the Yoast SEO plugin v14.8.1 - https:\/\/yoast.com\/wordpress\/plugins\/seo\/ -->\n<meta name=\"robots\" content=\"index, follow\" \/>\n<meta name=\"googlebot\" content=\"index, follow, max-snippet:-1, max-image-preview:large, max-video-preview:-1\" \/>\n<meta name=\"bingbot\" content=\"index, follow, max-snippet:-1, max-image-preview:large, max-video-preview:-1\" \/>\n<link rel=\"canonical\" href=\"https:\/\/www.franquiawsi.com.br\/imprensa\/2021\/02\/15\/saiba-por-que-as-empresas-precisam-se-adequar-a-lei-geral-de-protecao-de-dados\/\" \/>\n<meta property=\"og:locale\" content=\"pt_BR\" \/>\n<meta property=\"og:type\" content=\"article\" \/>\n<meta property=\"og:title\" content=\"Saiba por que as empresas precisam se adequar \u00e0 Lei Geral de Prote\u00e7\u00e3o de Dados - Franquia WSI\" \/>\n<meta property=\"og:description\" content=\"&#8220;Se uma empresa controla e \u00e9 respons\u00e1vel pelos dados pessoais que mant\u00e9m, ela \u00e9 o controlador desses dados. Se, por outro lado, algu\u00e9m det\u00e9m os dados pessoais, mas alguma outra empresa decide e \u00e9 respons\u00e1vel pelo que acontece com esses dados, ent\u00e3o essa outra empresa \u00e9 o processador desses dados&#8221;, explica Vanessa, consultora na WSI [&hellip;]\" \/>\n<meta property=\"og:url\" content=\"https:\/\/www.franquiawsi.com.br\/imprensa\/2021\/02\/15\/saiba-por-que-as-empresas-precisam-se-adequar-a-lei-geral-de-protecao-de-dados\/\" \/>\n<meta property=\"og:site_name\" content=\"Franquia WSI\" \/>\n<meta property=\"article:published_time\" content=\"2021-02-15T14:03:21+00:00\" \/>\n<meta property=\"article:modified_time\" content=\"2021-02-15T14:20:28+00:00\" \/>\n<meta property=\"og:image\" content=\"https:\/\/www.franquiawsi.com.br\/imprensa\/wp-content\/uploads\/sites\/4\/2021\/02\/eu-rio-logo.png\" \/>\n\t<meta property=\"og:image:width\" content=\"225\" \/>\n\t<meta property=\"og:image:height\" content=\"225\" \/>\n<meta name=\"twitter:card\" content=\"summary_large_image\" \/>\n<script type=\"application\/ld+json\" class=\"yoast-schema-graph\">{\"@context\":\"https:\/\/schema.org\",\"@graph\":[{\"@type\":\"WebSite\",\"@id\":\"https:\/\/www.franquiawsi.com.br\/imprensa\/#website\",\"url\":\"https:\/\/www.franquiawsi.com.br\/imprensa\/\",\"name\":\"Franquia WSI\",\"description\":\"S\\u00f3 mais um site Franquia WSI blogs\",\"potentialAction\":[{\"@type\":\"SearchAction\",\"target\":\"https:\/\/www.franquiawsi.com.br\/imprensa\/?s={search_term_string}\",\"query-input\":\"required name=search_term_string\"}],\"inLanguage\":\"pt-BR\"},{\"@type\":\"ImageObject\",\"@id\":\"https:\/\/www.franquiawsi.com.br\/imprensa\/2021\/02\/15\/saiba-por-que-as-empresas-precisam-se-adequar-a-lei-geral-de-protecao-de-dados\/#primaryimage\",\"inLanguage\":\"pt-BR\",\"url\":\"https:\/\/www.franquiawsi.com.br\/imprensa\/wp-content\/uploads\/sites\/4\/2021\/02\/eu-rio-logo.png\",\"width\":225,\"height\":225},{\"@type\":\"WebPage\",\"@id\":\"https:\/\/www.franquiawsi.com.br\/imprensa\/2021\/02\/15\/saiba-por-que-as-empresas-precisam-se-adequar-a-lei-geral-de-protecao-de-dados\/#webpage\",\"url\":\"https:\/\/www.franquiawsi.com.br\/imprensa\/2021\/02\/15\/saiba-por-que-as-empresas-precisam-se-adequar-a-lei-geral-de-protecao-de-dados\/\",\"name\":\"Saiba por que as empresas precisam se adequar \\u00e0 Lei Geral de Prote\\u00e7\\u00e3o de Dados - Franquia WSI\",\"isPartOf\":{\"@id\":\"https:\/\/www.franquiawsi.com.br\/imprensa\/#website\"},\"primaryImageOfPage\":{\"@id\":\"https:\/\/www.franquiawsi.com.br\/imprensa\/2021\/02\/15\/saiba-por-que-as-empresas-precisam-se-adequar-a-lei-geral-de-protecao-de-dados\/#primaryimage\"},\"datePublished\":\"2021-02-15T14:03:21+00:00\",\"dateModified\":\"2021-02-15T14:20:28+00:00\",\"author\":{\"@id\":\"https:\/\/www.franquiawsi.com.br\/imprensa\/#\/schema\/person\/aba595c00e708b7a14d2efcb147ff1be\"},\"inLanguage\":\"pt-BR\",\"potentialAction\":[{\"@type\":\"ReadAction\",\"target\":[\"https:\/\/www.franquiawsi.com.br\/imprensa\/2021\/02\/15\/saiba-por-que-as-empresas-precisam-se-adequar-a-lei-geral-de-protecao-de-dados\/\"]}]},{\"@type\":\"Person\",\"@id\":\"https:\/\/www.franquiawsi.com.br\/imprensa\/#\/schema\/person\/aba595c00e708b7a14d2efcb147ff1be\",\"name\":\"WSI Franquia\",\"image\":{\"@type\":\"ImageObject\",\"@id\":\"https:\/\/www.franquiawsi.com.br\/imprensa\/#personlogo\",\"inLanguage\":\"pt-BR\",\"url\":\"https:\/\/secure.gravatar.com\/avatar\/3fb0a15a80d84a0edf3c012b563ded7b?s=96&d=mm&r=g\",\"caption\":\"WSI Franquia\"},\"description\":\"A WSI foi fundada em 1995 e desde ent\\u00e3o oferece franquias de Marketing Digital para empreendedores em todo o mundo. A WSI opera no Brasil h\\u00e1 mais de 10 anos, com mais de 20 franquias ativas, empregando mais de 80 profissionais e uma rede de parceiros locais homologados. Reconhecida como uma provedora de solu\\u00e7\\u00f5es de Marketing Digital global, a WSI promove parcerias poderosas, o que fortalece muito a nossa rede. Para obter mais informa\\u00e7\\u00f5es sobre oportunidades de franquia WSI, entre em contato conosco!\"}]}<\/script>\n<!-- \/ Yoast SEO plugin. -->","_links":{"self":[{"href":"https:\/\/www.franquiawsi.com.br\/imprensa\/wp-json\/wp\/v2\/posts\/256"}],"collection":[{"href":"https:\/\/www.franquiawsi.com.br\/imprensa\/wp-json\/wp\/v2\/posts"}],"about":[{"href":"https:\/\/www.franquiawsi.com.br\/imprensa\/wp-json\/wp\/v2\/types\/post"}],"author":[{"embeddable":true,"href":"https:\/\/www.franquiawsi.com.br\/imprensa\/wp-json\/wp\/v2\/users\/5"}],"replies":[{"embeddable":true,"href":"https:\/\/www.franquiawsi.com.br\/imprensa\/wp-json\/wp\/v2\/comments?post=256"}],"version-history":[{"count":4,"href":"https:\/\/www.franquiawsi.com.br\/imprensa\/wp-json\/wp\/v2\/posts\/256\/revisions"}],"predecessor-version":[{"id":262,"href":"https:\/\/www.franquiawsi.com.br\/imprensa\/wp-json\/wp\/v2\/posts\/256\/revisions\/262"}],"wp:featuredmedia":[{"embeddable":true,"href":"https:\/\/www.franquiawsi.com.br\/imprensa\/wp-json\/wp\/v2\/media\/258"}],"wp:attachment":[{"href":"https:\/\/www.franquiawsi.com.br\/imprensa\/wp-json\/wp\/v2\/media?parent=256"}],"wp:term":[{"taxonomy":"category","embeddable":true,"href":"https:\/\/www.franquiawsi.com.br\/imprensa\/wp-json\/wp\/v2\/categories?post=256"},{"taxonomy":"post_tag","embeddable":true,"href":"https:\/\/www.franquiawsi.com.br\/imprensa\/wp-json\/wp\/v2\/tags?post=256"}],"curies":[{"name":"wp","href":"https:\/\/api.w.org\/{rel}","templated":true}]}}