{"id":550,"date":"2021-08-20T14:44:49","date_gmt":"2021-08-20T17:44:49","guid":{"rendered":"https:\/\/www.franquiawsi.com.br\/imprensa\/?p=550"},"modified":"2021-08-20T14:44:49","modified_gmt":"2021-08-20T17:44:49","slug":"empreender-e-melhor-do-que-ser-clt","status":"publish","type":"post","link":"https:\/\/www.franquiawsi.com.br\/imprensa\/2021\/08\/20\/empreender-e-melhor-do-que-ser-clt\/","title":{"rendered":"Empreender \u00e9 melhor do que ser CLT?"},"content":{"rendered":"<p>De acordo com um levantamento da Serasa Experian, janeiro de 2021 registrou o recorde de novos neg\u00f3cios no Brasil. No m\u00eas, foram 312.462 aberturas para registros de microempreendedores individuais (MEIs). Por mais que o momento da economia do pa\u00eds esteja dif\u00edcil, decidir empreender pode ser uma op\u00e7\u00e3o para quem ficou desempregado.<\/p>\n<p>&nbsp;<\/p>\n<p><a href=\"https:\/\/www.uol.com.br\/ecoa\/ultimas-noticias\/2021\/08\/19\/empreender-e-melhor-do-que-ser-clt.htm\" target=\"_blank\" rel=\"noopener noreferrer\"><img loading=\"lazy\" class=\"alignnone wp-image-551\" src=\"https:\/\/www.franquiawsi.com.br\/imprensa\/wp-content\/uploads\/sites\/4\/2021\/08\/empreender-e-melhor-do-que-ser-clt-300x242.jpg\" alt=\"\" width=\"564\" height=\"455\" srcset=\"https:\/\/www.franquiawsi.com.br\/imprensa\/wp-content\/uploads\/sites\/4\/2021\/08\/empreender-e-melhor-do-que-ser-clt-300x242.jpg 300w, https:\/\/www.franquiawsi.com.br\/imprensa\/wp-content\/uploads\/sites\/4\/2021\/08\/empreender-e-melhor-do-que-ser-clt-768x620.jpg 768w, https:\/\/www.franquiawsi.com.br\/imprensa\/wp-content\/uploads\/sites\/4\/2021\/08\/empreender-e-melhor-do-que-ser-clt.jpg 809w\" sizes=\"(max-width: 564px) 100vw, 564px\" \/><\/a><\/p>\n","protected":false},"excerpt":{"rendered":"<p>De acordo com um levantamento da Serasa Experian, janeiro de 2021 registrou o recorde de novos neg\u00f3cios no Brasil. No m\u00eas, foram 312.462 aberturas para registros de microempreendedores individuais (MEIs). Por mais que o momento da economia do pa\u00eds esteja dif\u00edcil, decidir empreender pode ser uma op\u00e7\u00e3o para quem ficou desempregado. &nbsp;<\/p>\n","protected":false},"author":5,"featured_media":552,"comment_status":"open","ping_status":"open","sticky":false,"template":"","format":"standard","meta":[],"categories":[3],"tags":[],"yoast_head":"<!-- This site is optimized with the Yoast SEO plugin v14.8.1 - https:\/\/yoast.com\/wordpress\/plugins\/seo\/ -->\n<meta name=\"robots\" content=\"index, follow\" \/>\n<meta name=\"googlebot\" content=\"index, follow, max-snippet:-1, max-image-preview:large, max-video-preview:-1\" \/>\n<meta name=\"bingbot\" content=\"index, follow, max-snippet:-1, max-image-preview:large, max-video-preview:-1\" \/>\n<link rel=\"canonical\" href=\"https:\/\/www.franquiawsi.com.br\/imprensa\/2021\/08\/20\/empreender-e-melhor-do-que-ser-clt\/\" \/>\n<meta property=\"og:locale\" content=\"pt_BR\" \/>\n<meta property=\"og:type\" content=\"article\" \/>\n<meta property=\"og:title\" content=\"Empreender \u00e9 melhor do que ser CLT? - Franquia WSI\" \/>\n<meta property=\"og:description\" content=\"De acordo com um levantamento da Serasa Experian, janeiro de 2021 registrou o recorde de novos neg\u00f3cios no Brasil. No m\u00eas, foram 312.462 aberturas para registros de microempreendedores individuais (MEIs). Por mais que o momento da economia do pa\u00eds esteja dif\u00edcil, decidir empreender pode ser uma op\u00e7\u00e3o para quem ficou desempregado. &nbsp;\" \/>\n<meta property=\"og:url\" content=\"https:\/\/www.franquiawsi.com.br\/imprensa\/2021\/08\/20\/empreender-e-melhor-do-que-ser-clt\/\" \/>\n<meta property=\"og:site_name\" content=\"Franquia WSI\" \/>\n<meta property=\"article:published_time\" content=\"2021-08-20T17:44:49+00:00\" \/>\n<meta property=\"og:image\" content=\"https:\/\/www.franquiawsi.com.br\/imprensa\/wp-content\/uploads\/sites\/4\/2021\/08\/uol-logo.png\" \/>\n\t<meta property=\"og:image:width\" content=\"225\" \/>\n\t<meta property=\"og:image:height\" content=\"225\" \/>\n<meta name=\"twitter:card\" content=\"summary_large_image\" \/>\n<script type=\"application\/ld+json\" class=\"yoast-schema-graph\">{\"@context\":\"https:\/\/schema.org\",\"@graph\":[{\"@type\":\"WebSite\",\"@id\":\"https:\/\/www.franquiawsi.com.br\/imprensa\/#website\",\"url\":\"https:\/\/www.franquiawsi.com.br\/imprensa\/\",\"name\":\"Franquia WSI\",\"description\":\"S\\u00f3 mais um site Franquia WSI blogs\",\"potentialAction\":[{\"@type\":\"SearchAction\",\"target\":\"https:\/\/www.franquiawsi.com.br\/imprensa\/?s={search_term_string}\",\"query-input\":\"required name=search_term_string\"}],\"inLanguage\":\"pt-BR\"},{\"@type\":\"ImageObject\",\"@id\":\"https:\/\/www.franquiawsi.com.br\/imprensa\/2021\/08\/20\/empreender-e-melhor-do-que-ser-clt\/#primaryimage\",\"inLanguage\":\"pt-BR\",\"url\":\"https:\/\/www.franquiawsi.com.br\/imprensa\/wp-content\/uploads\/sites\/4\/2021\/08\/uol-logo.png\",\"width\":225,\"height\":225},{\"@type\":\"WebPage\",\"@id\":\"https:\/\/www.franquiawsi.com.br\/imprensa\/2021\/08\/20\/empreender-e-melhor-do-que-ser-clt\/#webpage\",\"url\":\"https:\/\/www.franquiawsi.com.br\/imprensa\/2021\/08\/20\/empreender-e-melhor-do-que-ser-clt\/\",\"name\":\"Empreender \\u00e9 melhor do que ser CLT? - Franquia WSI\",\"isPartOf\":{\"@id\":\"https:\/\/www.franquiawsi.com.br\/imprensa\/#website\"},\"primaryImageOfPage\":{\"@id\":\"https:\/\/www.franquiawsi.com.br\/imprensa\/2021\/08\/20\/empreender-e-melhor-do-que-ser-clt\/#primaryimage\"},\"datePublished\":\"2021-08-20T17:44:49+00:00\",\"dateModified\":\"2021-08-20T17:44:49+00:00\",\"author\":{\"@id\":\"https:\/\/www.franquiawsi.com.br\/imprensa\/#\/schema\/person\/aba595c00e708b7a14d2efcb147ff1be\"},\"inLanguage\":\"pt-BR\",\"potentialAction\":[{\"@type\":\"ReadAction\",\"target\":[\"https:\/\/www.franquiawsi.com.br\/imprensa\/2021\/08\/20\/empreender-e-melhor-do-que-ser-clt\/\"]}]},{\"@type\":\"Person\",\"@id\":\"https:\/\/www.franquiawsi.com.br\/imprensa\/#\/schema\/person\/aba595c00e708b7a14d2efcb147ff1be\",\"name\":\"WSI Franquia\",\"image\":{\"@type\":\"ImageObject\",\"@id\":\"https:\/\/www.franquiawsi.com.br\/imprensa\/#personlogo\",\"inLanguage\":\"pt-BR\",\"url\":\"https:\/\/secure.gravatar.com\/avatar\/3fb0a15a80d84a0edf3c012b563ded7b?s=96&d=mm&r=g\",\"caption\":\"WSI Franquia\"},\"description\":\"A WSI foi fundada em 1995 e desde ent\\u00e3o oferece franquias de Marketing Digital para empreendedores em todo o mundo. A WSI opera no Brasil h\\u00e1 mais de 10 anos, com mais de 20 franquias ativas, empregando mais de 80 profissionais e uma rede de parceiros locais homologados. Reconhecida como uma provedora de solu\\u00e7\\u00f5es de Marketing Digital global, a WSI promove parcerias poderosas, o que fortalece muito a nossa rede. Para obter mais informa\\u00e7\\u00f5es sobre oportunidades de franquia WSI, entre em contato conosco!\"}]}<\/script>\n<!-- \/ Yoast SEO plugin. -->","_links":{"self":[{"href":"https:\/\/www.franquiawsi.com.br\/imprensa\/wp-json\/wp\/v2\/posts\/550"}],"collection":[{"href":"https:\/\/www.franquiawsi.com.br\/imprensa\/wp-json\/wp\/v2\/posts"}],"about":[{"href":"https:\/\/www.franquiawsi.com.br\/imprensa\/wp-json\/wp\/v2\/types\/post"}],"author":[{"embeddable":true,"href":"https:\/\/www.franquiawsi.com.br\/imprensa\/wp-json\/wp\/v2\/users\/5"}],"replies":[{"embeddable":true,"href":"https:\/\/www.franquiawsi.com.br\/imprensa\/wp-json\/wp\/v2\/comments?post=550"}],"version-history":[{"count":1,"href":"https:\/\/www.franquiawsi.com.br\/imprensa\/wp-json\/wp\/v2\/posts\/550\/revisions"}],"predecessor-version":[{"id":553,"href":"https:\/\/www.franquiawsi.com.br\/imprensa\/wp-json\/wp\/v2\/posts\/550\/revisions\/553"}],"wp:featuredmedia":[{"embeddable":true,"href":"https:\/\/www.franquiawsi.com.br\/imprensa\/wp-json\/wp\/v2\/media\/552"}],"wp:attachment":[{"href":"https:\/\/www.franquiawsi.com.br\/imprensa\/wp-json\/wp\/v2\/media?parent=550"}],"wp:term":[{"taxonomy":"category","embeddable":true,"href":"https:\/\/www.franquiawsi.com.br\/imprensa\/wp-json\/wp\/v2\/categories?post=550"},{"taxonomy":"post_tag","embeddable":true,"href":"https:\/\/www.franquiawsi.com.br\/imprensa\/wp-json\/wp\/v2\/tags?post=550"}],"curies":[{"name":"wp","href":"https:\/\/api.w.org\/{rel}","templated":true}]}}