{"id":642,"date":"2021-11-12T17:16:33","date_gmt":"2021-11-12T20:16:33","guid":{"rendered":"https:\/\/www.franquiawsi.com.br\/imprensa\/?p=642"},"modified":"2021-11-17T15:10:32","modified_gmt":"2021-11-17T18:10:32","slug":"franquias-crescem-484-no-2o-tri-e-atraem-empreendedores-veja-historias-de-recuperacao","status":"publish","type":"post","link":"https:\/\/www.franquiawsi.com.br\/imprensa\/2021\/11\/12\/franquias-crescem-484-no-2o-tri-e-atraem-empreendedores-veja-historias-de-recuperacao\/","title":{"rendered":"Franquias crescem 48,4% no 2\u00ba tri e atraem empreendedores; veja hist\u00f3rias de recupera\u00e7\u00e3o"},"content":{"rendered":"<p>No semestre findo em 30 de setembro de 2021, comparado com o mesmo per\u00edodo de 2020, o faturamento das franquias aumentou 41%, e continuam, at\u00e9 o momento, nessa tend\u00eancia de expans\u00e3o, m\u00eas a m\u00eas. Contribuindo para essa expans\u00e3o a franqueadora desenvolveu uma estrutura para ajudar as franquias na gest\u00e3o de suas oportunidades e busca de solu\u00e7\u00f5es ideais para cada cliente. <strong>Confira mat\u00e9ria completa no <a href=\"https:\/\/www.abf.com.br\/franquias-crescem-484-no-2-tri\/\" target=\"_blank\" rel=\"noopener noreferrer\">Portal ABF!<\/a><\/strong><\/p>\n<p>&nbsp;<\/p>\n<p><a href=\"https:\/\/www.abf.com.br\/franquias-crescem-484-no-2-tri\/\"><img loading=\"lazy\" class=\"wp-image-643 aligncenter\" src=\"https:\/\/www.franquiawsi.com.br\/imprensa\/wp-content\/uploads\/sites\/4\/2021\/11\/franquias-crescem-484-no-2-tri-e-atraem-empreendedores-300x269.jpg\" alt=\"\" width=\"624\" height=\"560\" srcset=\"https:\/\/www.franquiawsi.com.br\/imprensa\/wp-content\/uploads\/sites\/4\/2021\/11\/franquias-crescem-484-no-2-tri-e-atraem-empreendedores-300x269.jpg 300w, https:\/\/www.franquiawsi.com.br\/imprensa\/wp-content\/uploads\/sites\/4\/2021\/11\/franquias-crescem-484-no-2-tri-e-atraem-empreendedores.jpg 735w\" sizes=\"(max-width: 624px) 100vw, 624px\" \/><\/a><\/p>\n","protected":false},"excerpt":{"rendered":"<p>No semestre findo em 30 de setembro de 2021, comparado com o mesmo per\u00edodo de 2020, o faturamento das franquias aumentou 41%, e continuam, at\u00e9 o momento, nessa tend\u00eancia de expans\u00e3o, m\u00eas a m\u00eas. Contribuindo para essa expans\u00e3o a franqueadora desenvolveu uma estrutura para ajudar as franquias na gest\u00e3o de suas oportunidades e busca de [&hellip;]<\/p>\n","protected":false},"author":5,"featured_media":564,"comment_status":"open","ping_status":"open","sticky":false,"template":"","format":"standard","meta":[],"categories":[3],"tags":[],"yoast_head":"<!-- This site is optimized with the Yoast SEO plugin v14.8.1 - https:\/\/yoast.com\/wordpress\/plugins\/seo\/ -->\n<meta name=\"robots\" content=\"index, follow\" \/>\n<meta name=\"googlebot\" content=\"index, follow, max-snippet:-1, max-image-preview:large, max-video-preview:-1\" \/>\n<meta name=\"bingbot\" content=\"index, follow, max-snippet:-1, max-image-preview:large, max-video-preview:-1\" \/>\n<link rel=\"canonical\" href=\"https:\/\/www.franquiawsi.com.br\/imprensa\/2021\/11\/12\/franquias-crescem-484-no-2o-tri-e-atraem-empreendedores-veja-historias-de-recuperacao\/\" \/>\n<meta property=\"og:locale\" content=\"pt_BR\" \/>\n<meta property=\"og:type\" content=\"article\" \/>\n<meta property=\"og:title\" content=\"Franquias crescem 48,4% no 2\u00ba tri e atraem empreendedores; veja hist\u00f3rias de recupera\u00e7\u00e3o - Franquia WSI\" \/>\n<meta property=\"og:description\" content=\"No semestre findo em 30 de setembro de 2021, comparado com o mesmo per\u00edodo de 2020, o faturamento das franquias aumentou 41%, e continuam, at\u00e9 o momento, nessa tend\u00eancia de expans\u00e3o, m\u00eas a m\u00eas. Contribuindo para essa expans\u00e3o a franqueadora desenvolveu uma estrutura para ajudar as franquias na gest\u00e3o de suas oportunidades e busca de [&hellip;]\" \/>\n<meta property=\"og:url\" content=\"https:\/\/www.franquiawsi.com.br\/imprensa\/2021\/11\/12\/franquias-crescem-484-no-2o-tri-e-atraem-empreendedores-veja-historias-de-recuperacao\/\" \/>\n<meta property=\"og:site_name\" content=\"Franquia WSI\" \/>\n<meta property=\"article:published_time\" content=\"2021-11-12T20:16:33+00:00\" \/>\n<meta property=\"article:modified_time\" content=\"2021-11-17T18:10:32+00:00\" \/>\n<meta property=\"og:image\" content=\"https:\/\/www.franquiawsi.com.br\/imprensa\/wp-content\/uploads\/sites\/4\/2021\/08\/ABF-logo-1.png\" \/>\n\t<meta property=\"og:image:width\" content=\"334\" \/>\n\t<meta property=\"og:image:height\" content=\"334\" \/>\n<meta name=\"twitter:card\" content=\"summary_large_image\" \/>\n<script type=\"application\/ld+json\" class=\"yoast-schema-graph\">{\"@context\":\"https:\/\/schema.org\",\"@graph\":[{\"@type\":\"WebSite\",\"@id\":\"https:\/\/www.franquiawsi.com.br\/imprensa\/#website\",\"url\":\"https:\/\/www.franquiawsi.com.br\/imprensa\/\",\"name\":\"Franquia WSI\",\"description\":\"S\\u00f3 mais um site Franquia WSI blogs\",\"potentialAction\":[{\"@type\":\"SearchAction\",\"target\":\"https:\/\/www.franquiawsi.com.br\/imprensa\/?s={search_term_string}\",\"query-input\":\"required name=search_term_string\"}],\"inLanguage\":\"pt-BR\"},{\"@type\":\"ImageObject\",\"@id\":\"https:\/\/www.franquiawsi.com.br\/imprensa\/2021\/11\/12\/franquias-crescem-484-no-2o-tri-e-atraem-empreendedores-veja-historias-de-recuperacao\/#primaryimage\",\"inLanguage\":\"pt-BR\",\"url\":\"https:\/\/www.franquiawsi.com.br\/imprensa\/wp-content\/uploads\/sites\/4\/2021\/08\/ABF-logo-1.png\",\"width\":334,\"height\":334},{\"@type\":\"WebPage\",\"@id\":\"https:\/\/www.franquiawsi.com.br\/imprensa\/2021\/11\/12\/franquias-crescem-484-no-2o-tri-e-atraem-empreendedores-veja-historias-de-recuperacao\/#webpage\",\"url\":\"https:\/\/www.franquiawsi.com.br\/imprensa\/2021\/11\/12\/franquias-crescem-484-no-2o-tri-e-atraem-empreendedores-veja-historias-de-recuperacao\/\",\"name\":\"Franquias crescem 48,4% no 2\\u00ba tri e atraem empreendedores; veja hist\\u00f3rias de recupera\\u00e7\\u00e3o - Franquia WSI\",\"isPartOf\":{\"@id\":\"https:\/\/www.franquiawsi.com.br\/imprensa\/#website\"},\"primaryImageOfPage\":{\"@id\":\"https:\/\/www.franquiawsi.com.br\/imprensa\/2021\/11\/12\/franquias-crescem-484-no-2o-tri-e-atraem-empreendedores-veja-historias-de-recuperacao\/#primaryimage\"},\"datePublished\":\"2021-11-12T20:16:33+00:00\",\"dateModified\":\"2021-11-17T18:10:32+00:00\",\"author\":{\"@id\":\"https:\/\/www.franquiawsi.com.br\/imprensa\/#\/schema\/person\/aba595c00e708b7a14d2efcb147ff1be\"},\"inLanguage\":\"pt-BR\",\"potentialAction\":[{\"@type\":\"ReadAction\",\"target\":[\"https:\/\/www.franquiawsi.com.br\/imprensa\/2021\/11\/12\/franquias-crescem-484-no-2o-tri-e-atraem-empreendedores-veja-historias-de-recuperacao\/\"]}]},{\"@type\":\"Person\",\"@id\":\"https:\/\/www.franquiawsi.com.br\/imprensa\/#\/schema\/person\/aba595c00e708b7a14d2efcb147ff1be\",\"name\":\"WSI Franquia\",\"image\":{\"@type\":\"ImageObject\",\"@id\":\"https:\/\/www.franquiawsi.com.br\/imprensa\/#personlogo\",\"inLanguage\":\"pt-BR\",\"url\":\"https:\/\/secure.gravatar.com\/avatar\/3fb0a15a80d84a0edf3c012b563ded7b?s=96&d=mm&r=g\",\"caption\":\"WSI Franquia\"},\"description\":\"A WSI foi fundada em 1995 e desde ent\\u00e3o oferece franquias de Marketing Digital para empreendedores em todo o mundo. A WSI opera no Brasil h\\u00e1 mais de 10 anos, com mais de 20 franquias ativas, empregando mais de 80 profissionais e uma rede de parceiros locais homologados. Reconhecida como uma provedora de solu\\u00e7\\u00f5es de Marketing Digital global, a WSI promove parcerias poderosas, o que fortalece muito a nossa rede. Para obter mais informa\\u00e7\\u00f5es sobre oportunidades de franquia WSI, entre em contato conosco!\"}]}<\/script>\n<!-- \/ Yoast SEO plugin. -->","_links":{"self":[{"href":"https:\/\/www.franquiawsi.com.br\/imprensa\/wp-json\/wp\/v2\/posts\/642"}],"collection":[{"href":"https:\/\/www.franquiawsi.com.br\/imprensa\/wp-json\/wp\/v2\/posts"}],"about":[{"href":"https:\/\/www.franquiawsi.com.br\/imprensa\/wp-json\/wp\/v2\/types\/post"}],"author":[{"embeddable":true,"href":"https:\/\/www.franquiawsi.com.br\/imprensa\/wp-json\/wp\/v2\/users\/5"}],"replies":[{"embeddable":true,"href":"https:\/\/www.franquiawsi.com.br\/imprensa\/wp-json\/wp\/v2\/comments?post=642"}],"version-history":[{"count":2,"href":"https:\/\/www.franquiawsi.com.br\/imprensa\/wp-json\/wp\/v2\/posts\/642\/revisions"}],"predecessor-version":[{"id":683,"href":"https:\/\/www.franquiawsi.com.br\/imprensa\/wp-json\/wp\/v2\/posts\/642\/revisions\/683"}],"wp:featuredmedia":[{"embeddable":true,"href":"https:\/\/www.franquiawsi.com.br\/imprensa\/wp-json\/wp\/v2\/media\/564"}],"wp:attachment":[{"href":"https:\/\/www.franquiawsi.com.br\/imprensa\/wp-json\/wp\/v2\/media?parent=642"}],"wp:term":[{"taxonomy":"category","embeddable":true,"href":"https:\/\/www.franquiawsi.com.br\/imprensa\/wp-json\/wp\/v2\/categories?post=642"},{"taxonomy":"post_tag","embeddable":true,"href":"https:\/\/www.franquiawsi.com.br\/imprensa\/wp-json\/wp\/v2\/tags?post=642"}],"curies":[{"name":"wp","href":"https:\/\/api.w.org\/{rel}","templated":true}]}}