{"id":747,"date":"2022-01-07T10:58:21","date_gmt":"2022-01-07T13:58:21","guid":{"rendered":"https:\/\/www.franquiawsi.com.br\/imprensa\/?p=747"},"modified":"2022-01-07T10:58:21","modified_gmt":"2022-01-07T13:58:21","slug":"jornal-do-acre-1a-edicao-especialista-da-dicas-para-empresarios-se-destacarem-nas-redes-sociais","status":"publish","type":"post","link":"https:\/\/www.franquiawsi.com.br\/imprensa\/2022\/01\/07\/jornal-do-acre-1a-edicao-especialista-da-dicas-para-empresarios-se-destacarem-nas-redes-sociais\/","title":{"rendered":"Jornal do Acre 1\u00aa edi\u00e7\u00e3o Especialista d\u00e1 dicas para empres\u00e1rios se destacarem nas redes sociais"},"content":{"rendered":"<p>Caio Cunha, especialista em Marketing Digital, d\u00e1 dicas para empres\u00e1rios se destacarem nas redes sociais. <strong>Confira a mat\u00e9ria completa no portal<\/strong>: <a href=\"https:\/\/globoplay.globo.com\/v\/10189427\/\" target=\"_blank\" rel=\"noopener noreferrer\">Globo Play<\/a><\/p>\n<p><img loading=\"lazy\" class=\" wp-image-750 aligncenter\" src=\"https:\/\/www.franquiawsi.com.br\/imprensa\/wp-content\/uploads\/sites\/4\/2022\/01\/Especialista-da-dicas-para-empresarios-se-destacarem-nas-redes-sociais-300x155.jpg\" alt=\"\" width=\"616\" height=\"318\" srcset=\"https:\/\/www.franquiawsi.com.br\/imprensa\/wp-content\/uploads\/sites\/4\/2022\/01\/Especialista-da-dicas-para-empresarios-se-destacarem-nas-redes-sociais-300x155.jpg 300w, https:\/\/www.franquiawsi.com.br\/imprensa\/wp-content\/uploads\/sites\/4\/2022\/01\/Especialista-da-dicas-para-empresarios-se-destacarem-nas-redes-sociais-1024x530.jpg 1024w, https:\/\/www.franquiawsi.com.br\/imprensa\/wp-content\/uploads\/sites\/4\/2022\/01\/Especialista-da-dicas-para-empresarios-se-destacarem-nas-redes-sociais-768x398.jpg 768w, https:\/\/www.franquiawsi.com.br\/imprensa\/wp-content\/uploads\/sites\/4\/2022\/01\/Especialista-da-dicas-para-empresarios-se-destacarem-nas-redes-sociais-1536x796.jpg 1536w, https:\/\/www.franquiawsi.com.br\/imprensa\/wp-content\/uploads\/sites\/4\/2022\/01\/Especialista-da-dicas-para-empresarios-se-destacarem-nas-redes-sociais.jpg 1778w\" sizes=\"(max-width: 616px) 100vw, 616px\" \/><\/p>\n","protected":false},"excerpt":{"rendered":"<p>Caio Cunha, especialista em Marketing Digital, d\u00e1 dicas para empres\u00e1rios se destacarem nas redes sociais. Confira a mat\u00e9ria completa no portal: Globo Play<\/p>\n","protected":false},"author":5,"featured_media":112,"comment_status":"open","ping_status":"open","sticky":false,"template":"","format":"standard","meta":[],"categories":[3],"tags":[],"yoast_head":"<!-- This site is optimized with the Yoast SEO plugin v14.8.1 - https:\/\/yoast.com\/wordpress\/plugins\/seo\/ -->\n<meta name=\"robots\" content=\"index, follow\" \/>\n<meta name=\"googlebot\" content=\"index, follow, max-snippet:-1, max-image-preview:large, max-video-preview:-1\" \/>\n<meta name=\"bingbot\" content=\"index, follow, max-snippet:-1, max-image-preview:large, max-video-preview:-1\" \/>\n<link rel=\"canonical\" href=\"https:\/\/www.franquiawsi.com.br\/imprensa\/2022\/01\/07\/jornal-do-acre-1a-edicao-especialista-da-dicas-para-empresarios-se-destacarem-nas-redes-sociais\/\" \/>\n<meta property=\"og:locale\" content=\"pt_BR\" \/>\n<meta property=\"og:type\" content=\"article\" \/>\n<meta property=\"og:title\" content=\"Jornal do Acre 1\u00aa edi\u00e7\u00e3o Especialista d\u00e1 dicas para empres\u00e1rios se destacarem nas redes sociais - Franquia WSI\" \/>\n<meta property=\"og:description\" content=\"Caio Cunha, especialista em Marketing Digital, d\u00e1 dicas para empres\u00e1rios se destacarem nas redes sociais. Confira a mat\u00e9ria completa no portal: Globo Play\" \/>\n<meta property=\"og:url\" content=\"https:\/\/www.franquiawsi.com.br\/imprensa\/2022\/01\/07\/jornal-do-acre-1a-edicao-especialista-da-dicas-para-empresarios-se-destacarem-nas-redes-sociais\/\" \/>\n<meta property=\"og:site_name\" content=\"Franquia WSI\" \/>\n<meta property=\"article:published_time\" content=\"2022-01-07T13:58:21+00:00\" \/>\n<meta property=\"og:image\" content=\"https:\/\/www.franquiawsi.com.br\/imprensa\/wp-content\/uploads\/sites\/4\/2021\/01\/globo-play-logo.png\" \/>\n\t<meta property=\"og:image:width\" content=\"1280\" \/>\n\t<meta property=\"og:image:height\" content=\"720\" \/>\n<meta name=\"twitter:card\" content=\"summary_large_image\" \/>\n<script type=\"application\/ld+json\" class=\"yoast-schema-graph\">{\"@context\":\"https:\/\/schema.org\",\"@graph\":[{\"@type\":\"WebSite\",\"@id\":\"https:\/\/www.franquiawsi.com.br\/imprensa\/#website\",\"url\":\"https:\/\/www.franquiawsi.com.br\/imprensa\/\",\"name\":\"Franquia WSI\",\"description\":\"S\\u00f3 mais um site Franquia WSI blogs\",\"potentialAction\":[{\"@type\":\"SearchAction\",\"target\":\"https:\/\/www.franquiawsi.com.br\/imprensa\/?s={search_term_string}\",\"query-input\":\"required name=search_term_string\"}],\"inLanguage\":\"pt-BR\"},{\"@type\":\"ImageObject\",\"@id\":\"https:\/\/www.franquiawsi.com.br\/imprensa\/2022\/01\/07\/jornal-do-acre-1a-edicao-especialista-da-dicas-para-empresarios-se-destacarem-nas-redes-sociais\/#primaryimage\",\"inLanguage\":\"pt-BR\",\"url\":\"https:\/\/www.franquiawsi.com.br\/imprensa\/wp-content\/uploads\/sites\/4\/2021\/01\/globo-play-logo.png\",\"width\":1280,\"height\":720},{\"@type\":\"WebPage\",\"@id\":\"https:\/\/www.franquiawsi.com.br\/imprensa\/2022\/01\/07\/jornal-do-acre-1a-edicao-especialista-da-dicas-para-empresarios-se-destacarem-nas-redes-sociais\/#webpage\",\"url\":\"https:\/\/www.franquiawsi.com.br\/imprensa\/2022\/01\/07\/jornal-do-acre-1a-edicao-especialista-da-dicas-para-empresarios-se-destacarem-nas-redes-sociais\/\",\"name\":\"Jornal do Acre 1\\u00aa edi\\u00e7\\u00e3o Especialista d\\u00e1 dicas para empres\\u00e1rios se destacarem nas redes sociais - Franquia WSI\",\"isPartOf\":{\"@id\":\"https:\/\/www.franquiawsi.com.br\/imprensa\/#website\"},\"primaryImageOfPage\":{\"@id\":\"https:\/\/www.franquiawsi.com.br\/imprensa\/2022\/01\/07\/jornal-do-acre-1a-edicao-especialista-da-dicas-para-empresarios-se-destacarem-nas-redes-sociais\/#primaryimage\"},\"datePublished\":\"2022-01-07T13:58:21+00:00\",\"dateModified\":\"2022-01-07T13:58:21+00:00\",\"author\":{\"@id\":\"https:\/\/www.franquiawsi.com.br\/imprensa\/#\/schema\/person\/aba595c00e708b7a14d2efcb147ff1be\"},\"inLanguage\":\"pt-BR\",\"potentialAction\":[{\"@type\":\"ReadAction\",\"target\":[\"https:\/\/www.franquiawsi.com.br\/imprensa\/2022\/01\/07\/jornal-do-acre-1a-edicao-especialista-da-dicas-para-empresarios-se-destacarem-nas-redes-sociais\/\"]}]},{\"@type\":\"Person\",\"@id\":\"https:\/\/www.franquiawsi.com.br\/imprensa\/#\/schema\/person\/aba595c00e708b7a14d2efcb147ff1be\",\"name\":\"WSI Franquia\",\"image\":{\"@type\":\"ImageObject\",\"@id\":\"https:\/\/www.franquiawsi.com.br\/imprensa\/#personlogo\",\"inLanguage\":\"pt-BR\",\"url\":\"https:\/\/secure.gravatar.com\/avatar\/3fb0a15a80d84a0edf3c012b563ded7b?s=96&d=mm&r=g\",\"caption\":\"WSI Franquia\"},\"description\":\"A WSI foi fundada em 1995 e desde ent\\u00e3o oferece franquias de Marketing Digital para empreendedores em todo o mundo. A WSI opera no Brasil h\\u00e1 mais de 10 anos, com mais de 20 franquias ativas, empregando mais de 80 profissionais e uma rede de parceiros locais homologados. Reconhecida como uma provedora de solu\\u00e7\\u00f5es de Marketing Digital global, a WSI promove parcerias poderosas, o que fortalece muito a nossa rede. Para obter mais informa\\u00e7\\u00f5es sobre oportunidades de franquia WSI, entre em contato conosco!\"}]}<\/script>\n<!-- \/ Yoast SEO plugin. -->","_links":{"self":[{"href":"https:\/\/www.franquiawsi.com.br\/imprensa\/wp-json\/wp\/v2\/posts\/747"}],"collection":[{"href":"https:\/\/www.franquiawsi.com.br\/imprensa\/wp-json\/wp\/v2\/posts"}],"about":[{"href":"https:\/\/www.franquiawsi.com.br\/imprensa\/wp-json\/wp\/v2\/types\/post"}],"author":[{"embeddable":true,"href":"https:\/\/www.franquiawsi.com.br\/imprensa\/wp-json\/wp\/v2\/users\/5"}],"replies":[{"embeddable":true,"href":"https:\/\/www.franquiawsi.com.br\/imprensa\/wp-json\/wp\/v2\/comments?post=747"}],"version-history":[{"count":4,"href":"https:\/\/www.franquiawsi.com.br\/imprensa\/wp-json\/wp\/v2\/posts\/747\/revisions"}],"predecessor-version":[{"id":753,"href":"https:\/\/www.franquiawsi.com.br\/imprensa\/wp-json\/wp\/v2\/posts\/747\/revisions\/753"}],"wp:featuredmedia":[{"embeddable":true,"href":"https:\/\/www.franquiawsi.com.br\/imprensa\/wp-json\/wp\/v2\/media\/112"}],"wp:attachment":[{"href":"https:\/\/www.franquiawsi.com.br\/imprensa\/wp-json\/wp\/v2\/media?parent=747"}],"wp:term":[{"taxonomy":"category","embeddable":true,"href":"https:\/\/www.franquiawsi.com.br\/imprensa\/wp-json\/wp\/v2\/categories?post=747"},{"taxonomy":"post_tag","embeddable":true,"href":"https:\/\/www.franquiawsi.com.br\/imprensa\/wp-json\/wp\/v2\/tags?post=747"}],"curies":[{"name":"wp","href":"https:\/\/api.w.org\/{rel}","templated":true}]}}