{"id":861,"date":"2022-03-16T12:56:12","date_gmt":"2022-03-16T15:56:12","guid":{"rendered":"https:\/\/www.franquiawsi.com.br\/imprensa\/?p=861"},"modified":"2022-03-16T12:56:12","modified_gmt":"2022-03-16T15:56:12","slug":"gqf-gente-que-fala-debate-eleicoes-economia-educacao-inclusao-digital-e-a-guerra-na-ucrania","status":"publish","type":"post","link":"https:\/\/www.franquiawsi.com.br\/imprensa\/2022\/03\/16\/gqf-gente-que-fala-debate-eleicoes-economia-educacao-inclusao-digital-e-a-guerra-na-ucrania\/","title":{"rendered":"GQF (Gente que Fala) debate elei\u00e7\u00f5es, economia, educa\u00e7\u00e3o, inclus\u00e3o digital e a guerra na Ucr\u00e2nia"},"content":{"rendered":"<p>O \u00faltimo encontro com GQF (Gente que Fala), apresentado por Mauro Frisma, colocou em pauta os principais assuntos do cen\u00e1rio atual: elei\u00e7\u00f5es, economia, educa\u00e7\u00e3o, inclus\u00e3o digital e a guerra na Ucr\u00e2nia. Nesse debate, Caio Cunha, presidente da Master WSI no Brasil, debate junto com especialistas nos temas como o vereador e soci\u00f3logo Daniel Annenberg, do PSDB, que foi Secret\u00e1rio Municipal de Inova\u00e7\u00e3o e Tecnologia por S\u00e3o Paulo, o advogado Alberto Rollo, especialista em Direito Eleitoral e o advogado Anderson Albuquerque, especialista em Direito de Fam\u00edlia. Foi muito interessante ver que a inclus\u00e3o digital hoje impacta todos esses temas. Convidamos todos a assistirem. <a href=\"https:\/\/youtu.be\/oNec3w7taEU\" target=\"_blank\" rel=\"noopener noreferrer\">Youtube.com<\/a><\/p>\n<p><img loading=\"lazy\" class=\"wp-image-863 aligncenter\" src=\"https:\/\/www.franquiawsi.com.br\/imprensa\/wp-content\/uploads\/sites\/4\/2022\/03\/Gente-que-fala-300x190.jpg\" alt=\"\" width=\"745\" height=\"472\" srcset=\"https:\/\/www.franquiawsi.com.br\/imprensa\/wp-content\/uploads\/sites\/4\/2022\/03\/Gente-que-fala-300x190.jpg 300w, https:\/\/www.franquiawsi.com.br\/imprensa\/wp-content\/uploads\/sites\/4\/2022\/03\/Gente-que-fala-1024x649.jpg 1024w, https:\/\/www.franquiawsi.com.br\/imprensa\/wp-content\/uploads\/sites\/4\/2022\/03\/Gente-que-fala-768x487.jpg 768w, https:\/\/www.franquiawsi.com.br\/imprensa\/wp-content\/uploads\/sites\/4\/2022\/03\/Gente-que-fala.jpg 1319w\" sizes=\"(max-width: 745px) 100vw, 745px\" \/><\/p>\n","protected":false},"excerpt":{"rendered":"<p>O \u00faltimo encontro com GQF (Gente que Fala), apresentado por Mauro Frisma, colocou em pauta os principais assuntos do cen\u00e1rio atual: elei\u00e7\u00f5es, economia, educa\u00e7\u00e3o, inclus\u00e3o digital e a guerra na Ucr\u00e2nia. Nesse debate, Caio Cunha, presidente da Master WSI no Brasil, debate junto com especialistas nos temas como o vereador e soci\u00f3logo Daniel Annenberg, do [&hellip;]<\/p>\n","protected":false},"author":5,"featured_media":115,"comment_status":"open","ping_status":"open","sticky":false,"template":"","format":"standard","meta":[],"categories":[3],"tags":[],"yoast_head":"<!-- This site is optimized with the Yoast SEO plugin v14.8.1 - https:\/\/yoast.com\/wordpress\/plugins\/seo\/ -->\n<meta name=\"robots\" content=\"index, follow\" \/>\n<meta name=\"googlebot\" content=\"index, follow, max-snippet:-1, max-image-preview:large, max-video-preview:-1\" \/>\n<meta name=\"bingbot\" content=\"index, follow, max-snippet:-1, max-image-preview:large, max-video-preview:-1\" \/>\n<link rel=\"canonical\" href=\"https:\/\/www.franquiawsi.com.br\/imprensa\/2022\/03\/16\/gqf-gente-que-fala-debate-eleicoes-economia-educacao-inclusao-digital-e-a-guerra-na-ucrania\/\" \/>\n<meta property=\"og:locale\" content=\"pt_BR\" \/>\n<meta property=\"og:type\" content=\"article\" \/>\n<meta property=\"og:title\" content=\"GQF (Gente que Fala) debate elei\u00e7\u00f5es, economia, educa\u00e7\u00e3o, inclus\u00e3o digital e a guerra na Ucr\u00e2nia - Franquia WSI\" \/>\n<meta property=\"og:description\" content=\"O \u00faltimo encontro com GQF (Gente que Fala), apresentado por Mauro Frisma, colocou em pauta os principais assuntos do cen\u00e1rio atual: elei\u00e7\u00f5es, economia, educa\u00e7\u00e3o, inclus\u00e3o digital e a guerra na Ucr\u00e2nia. Nesse debate, Caio Cunha, presidente da Master WSI no Brasil, debate junto com especialistas nos temas como o vereador e soci\u00f3logo Daniel Annenberg, do [&hellip;]\" \/>\n<meta property=\"og:url\" content=\"https:\/\/www.franquiawsi.com.br\/imprensa\/2022\/03\/16\/gqf-gente-que-fala-debate-eleicoes-economia-educacao-inclusao-digital-e-a-guerra-na-ucrania\/\" \/>\n<meta property=\"og:site_name\" content=\"Franquia WSI\" \/>\n<meta property=\"article:published_time\" content=\"2022-03-16T15:56:12+00:00\" \/>\n<meta property=\"og:image\" content=\"https:\/\/www.franquiawsi.com.br\/imprensa\/wp-content\/uploads\/sites\/4\/2021\/01\/programa-gente-que-fala-logo.jpg\" \/>\n\t<meta property=\"og:image:width\" content=\"540\" \/>\n\t<meta property=\"og:image:height\" content=\"200\" \/>\n<meta name=\"twitter:card\" content=\"summary_large_image\" \/>\n<script type=\"application\/ld+json\" class=\"yoast-schema-graph\">{\"@context\":\"https:\/\/schema.org\",\"@graph\":[{\"@type\":\"WebSite\",\"@id\":\"https:\/\/www.franquiawsi.com.br\/imprensa\/#website\",\"url\":\"https:\/\/www.franquiawsi.com.br\/imprensa\/\",\"name\":\"Franquia WSI\",\"description\":\"S\\u00f3 mais um site Franquia WSI blogs\",\"potentialAction\":[{\"@type\":\"SearchAction\",\"target\":\"https:\/\/www.franquiawsi.com.br\/imprensa\/?s={search_term_string}\",\"query-input\":\"required name=search_term_string\"}],\"inLanguage\":\"pt-BR\"},{\"@type\":\"ImageObject\",\"@id\":\"https:\/\/www.franquiawsi.com.br\/imprensa\/2022\/03\/16\/gqf-gente-que-fala-debate-eleicoes-economia-educacao-inclusao-digital-e-a-guerra-na-ucrania\/#primaryimage\",\"inLanguage\":\"pt-BR\",\"url\":\"https:\/\/www.franquiawsi.com.br\/imprensa\/wp-content\/uploads\/sites\/4\/2021\/01\/programa-gente-que-fala-logo.jpg\",\"width\":540,\"height\":200},{\"@type\":\"WebPage\",\"@id\":\"https:\/\/www.franquiawsi.com.br\/imprensa\/2022\/03\/16\/gqf-gente-que-fala-debate-eleicoes-economia-educacao-inclusao-digital-e-a-guerra-na-ucrania\/#webpage\",\"url\":\"https:\/\/www.franquiawsi.com.br\/imprensa\/2022\/03\/16\/gqf-gente-que-fala-debate-eleicoes-economia-educacao-inclusao-digital-e-a-guerra-na-ucrania\/\",\"name\":\"GQF (Gente que Fala) debate elei\\u00e7\\u00f5es, economia, educa\\u00e7\\u00e3o, inclus\\u00e3o digital e a guerra na Ucr\\u00e2nia - Franquia WSI\",\"isPartOf\":{\"@id\":\"https:\/\/www.franquiawsi.com.br\/imprensa\/#website\"},\"primaryImageOfPage\":{\"@id\":\"https:\/\/www.franquiawsi.com.br\/imprensa\/2022\/03\/16\/gqf-gente-que-fala-debate-eleicoes-economia-educacao-inclusao-digital-e-a-guerra-na-ucrania\/#primaryimage\"},\"datePublished\":\"2022-03-16T15:56:12+00:00\",\"dateModified\":\"2022-03-16T15:56:12+00:00\",\"author\":{\"@id\":\"https:\/\/www.franquiawsi.com.br\/imprensa\/#\/schema\/person\/aba595c00e708b7a14d2efcb147ff1be\"},\"inLanguage\":\"pt-BR\",\"potentialAction\":[{\"@type\":\"ReadAction\",\"target\":[\"https:\/\/www.franquiawsi.com.br\/imprensa\/2022\/03\/16\/gqf-gente-que-fala-debate-eleicoes-economia-educacao-inclusao-digital-e-a-guerra-na-ucrania\/\"]}]},{\"@type\":\"Person\",\"@id\":\"https:\/\/www.franquiawsi.com.br\/imprensa\/#\/schema\/person\/aba595c00e708b7a14d2efcb147ff1be\",\"name\":\"WSI Franquia\",\"image\":{\"@type\":\"ImageObject\",\"@id\":\"https:\/\/www.franquiawsi.com.br\/imprensa\/#personlogo\",\"inLanguage\":\"pt-BR\",\"url\":\"https:\/\/secure.gravatar.com\/avatar\/3fb0a15a80d84a0edf3c012b563ded7b?s=96&d=mm&r=g\",\"caption\":\"WSI Franquia\"},\"description\":\"A WSI foi fundada em 1995 e desde ent\\u00e3o oferece franquias de Marketing Digital para empreendedores em todo o mundo. A WSI opera no Brasil h\\u00e1 mais de 10 anos, com mais de 20 franquias ativas, empregando mais de 80 profissionais e uma rede de parceiros locais homologados. Reconhecida como uma provedora de solu\\u00e7\\u00f5es de Marketing Digital global, a WSI promove parcerias poderosas, o que fortalece muito a nossa rede. Para obter mais informa\\u00e7\\u00f5es sobre oportunidades de franquia WSI, entre em contato conosco!\"}]}<\/script>\n<!-- \/ Yoast SEO plugin. -->","_links":{"self":[{"href":"https:\/\/www.franquiawsi.com.br\/imprensa\/wp-json\/wp\/v2\/posts\/861"}],"collection":[{"href":"https:\/\/www.franquiawsi.com.br\/imprensa\/wp-json\/wp\/v2\/posts"}],"about":[{"href":"https:\/\/www.franquiawsi.com.br\/imprensa\/wp-json\/wp\/v2\/types\/post"}],"author":[{"embeddable":true,"href":"https:\/\/www.franquiawsi.com.br\/imprensa\/wp-json\/wp\/v2\/users\/5"}],"replies":[{"embeddable":true,"href":"https:\/\/www.franquiawsi.com.br\/imprensa\/wp-json\/wp\/v2\/comments?post=861"}],"version-history":[{"count":4,"href":"https:\/\/www.franquiawsi.com.br\/imprensa\/wp-json\/wp\/v2\/posts\/861\/revisions"}],"predecessor-version":[{"id":866,"href":"https:\/\/www.franquiawsi.com.br\/imprensa\/wp-json\/wp\/v2\/posts\/861\/revisions\/866"}],"wp:featuredmedia":[{"embeddable":true,"href":"https:\/\/www.franquiawsi.com.br\/imprensa\/wp-json\/wp\/v2\/media\/115"}],"wp:attachment":[{"href":"https:\/\/www.franquiawsi.com.br\/imprensa\/wp-json\/wp\/v2\/media?parent=861"}],"wp:term":[{"taxonomy":"category","embeddable":true,"href":"https:\/\/www.franquiawsi.com.br\/imprensa\/wp-json\/wp\/v2\/categories?post=861"},{"taxonomy":"post_tag","embeddable":true,"href":"https:\/\/www.franquiawsi.com.br\/imprensa\/wp-json\/wp\/v2\/tags?post=861"}],"curies":[{"name":"wp","href":"https:\/\/api.w.org\/{rel}","templated":true}]}}