{"id":94,"date":"2021-01-07T17:07:22","date_gmt":"2021-01-07T20:07:22","guid":{"rendered":"https:\/\/www.franquiawsi.com.br\/imprensa\/?p=94"},"modified":"2021-01-20T15:11:51","modified_gmt":"2021-01-20T18:11:51","slug":"transformacao-digital-e-ferramenta-para-alavancar-negocios","status":"publish","type":"post","link":"https:\/\/www.franquiawsi.com.br\/imprensa\/2021\/01\/07\/transformacao-digital-e-ferramenta-para-alavancar-negocios\/","title":{"rendered":"Transforma\u00e7\u00e3o Digital \u00e9 ferramenta para alavancar neg\u00f3cios"},"content":{"rendered":"<div class=\"noticias-single__content__text js-mediator-article\">\n<p class=\"bodytext\">A pandemia for\u00e7ou os neg\u00f3cios do mundo f\u00edsico a ingressarem no mundo digital. A transforma\u00e7\u00e3o digital, no entanto, \u00e9 um processo mais complexo que simplesmente possuir um e-commerce ou perfis em redes sociais. Os especialistas defendem que a transforma\u00e7\u00e3o digital precisa estabelecer atua\u00e7\u00f5es no convencional e no universo digital ao mesmo tempo, possibilitando que o p\u00fablico alvo tenha op\u00e7\u00e3o de escolha e canais de comunica\u00e7\u00e3o abertos.<\/p>\n<p class=\"bodytext\">O presidente da WSI Master Brasil Caio Cunha lembra que \u00e9 preciso tamb\u00e9m conhecer a amplitude em que se deseja aprofundar no digital e a ess\u00eancia do conceito, pois preparar para o mundo digital n\u00e3o \u00e9 um \u00fanico passo. \u201cSe n\u00e3o tivermos conseguido montar uma vis\u00e3o comum dentro de casa, a gest\u00e3o fica prejudicada. As iniciativas ficam fragmentadas e os resultados s\u00e3o p\u00edfios. Oportunidades s\u00e3o perdidas, resultados mal sucedidos e vamos ter baixo desempenho\u201d, orienta. <strong>Confira na \u00edntegra a mat\u00e9ria no <a href=\"https:\/\/www.correio24horas.com.br\/noticia\/nid\/transformacao-digital-e-ferramenta-para-alavancar-negocios\/\" target=\"_blank\" rel=\"noopener noreferrer\">correio 24 horas<\/a>.<\/strong><\/p>\n<\/div>\n<p>&nbsp;<\/p>\n<p><a href=\"https:\/\/www.correio24horas.com.br\/noticia\/nid\/transformacao-digital-e-ferramenta-para-alavancar-negocios\/\" target=\"_blank\" rel=\"noopener noreferrer\"><img loading=\"lazy\" class=\"aligncenter wp-image-151\" src=\"https:\/\/www.franquiawsi.com.br\/imprensa\/wp-content\/uploads\/sites\/4\/2021\/01\/transformacao-digital-e-ferramenta-para-alavancar-negocios-correio-24horas.jpg\" alt=\"\" width=\"564\" height=\"358\" srcset=\"https:\/\/www.franquiawsi.com.br\/imprensa\/wp-content\/uploads\/sites\/4\/2021\/01\/transformacao-digital-e-ferramenta-para-alavancar-negocios-correio-24horas.jpg 892w, https:\/\/www.franquiawsi.com.br\/imprensa\/wp-content\/uploads\/sites\/4\/2021\/01\/transformacao-digital-e-ferramenta-para-alavancar-negocios-correio-24horas-300x190.jpg 300w, https:\/\/www.franquiawsi.com.br\/imprensa\/wp-content\/uploads\/sites\/4\/2021\/01\/transformacao-digital-e-ferramenta-para-alavancar-negocios-correio-24horas-768x487.jpg 768w\" sizes=\"(max-width: 564px) 100vw, 564px\" \/><\/a><\/p>\n","protected":false},"excerpt":{"rendered":"<p>A pandemia for\u00e7ou os neg\u00f3cios do mundo f\u00edsico a ingressarem no mundo digital. A transforma\u00e7\u00e3o digital, no entanto, \u00e9 um processo mais complexo que simplesmente possuir um e-commerce ou perfis em redes sociais. Os especialistas defendem que a transforma\u00e7\u00e3o digital precisa estabelecer atua\u00e7\u00f5es no convencional e no universo digital ao mesmo tempo, possibilitando que o [&hellip;]<\/p>\n","protected":false},"author":5,"featured_media":96,"comment_status":"open","ping_status":"open","sticky":false,"template":"","format":"standard","meta":[],"categories":[3],"tags":[],"yoast_head":"<!-- This site is optimized with the Yoast SEO plugin v14.8.1 - https:\/\/yoast.com\/wordpress\/plugins\/seo\/ -->\n<meta name=\"robots\" content=\"index, follow\" \/>\n<meta name=\"googlebot\" content=\"index, follow, max-snippet:-1, max-image-preview:large, max-video-preview:-1\" \/>\n<meta name=\"bingbot\" content=\"index, follow, max-snippet:-1, max-image-preview:large, max-video-preview:-1\" \/>\n<link rel=\"canonical\" href=\"https:\/\/www.franquiawsi.com.br\/imprensa\/2021\/01\/07\/transformacao-digital-e-ferramenta-para-alavancar-negocios\/\" \/>\n<meta property=\"og:locale\" content=\"pt_BR\" \/>\n<meta property=\"og:type\" content=\"article\" \/>\n<meta property=\"og:title\" content=\"Transforma\u00e7\u00e3o Digital \u00e9 ferramenta para alavancar neg\u00f3cios - Franquia WSI\" \/>\n<meta property=\"og:description\" content=\"A pandemia for\u00e7ou os neg\u00f3cios do mundo f\u00edsico a ingressarem no mundo digital. A transforma\u00e7\u00e3o digital, no entanto, \u00e9 um processo mais complexo que simplesmente possuir um e-commerce ou perfis em redes sociais. Os especialistas defendem que a transforma\u00e7\u00e3o digital precisa estabelecer atua\u00e7\u00f5es no convencional e no universo digital ao mesmo tempo, possibilitando que o [&hellip;]\" \/>\n<meta property=\"og:url\" content=\"https:\/\/www.franquiawsi.com.br\/imprensa\/2021\/01\/07\/transformacao-digital-e-ferramenta-para-alavancar-negocios\/\" \/>\n<meta property=\"og:site_name\" content=\"Franquia WSI\" \/>\n<meta property=\"article:published_time\" content=\"2021-01-07T20:07:22+00:00\" \/>\n<meta property=\"article:modified_time\" content=\"2021-01-20T18:11:51+00:00\" \/>\n<meta property=\"og:image\" content=\"https:\/\/www.franquiawsi.com.br\/imprensa\/wp-content\/uploads\/sites\/4\/2021\/01\/correio-logo.png\" \/>\n\t<meta property=\"og:image:width\" content=\"251\" \/>\n\t<meta property=\"og:image:height\" content=\"201\" \/>\n<meta name=\"twitter:card\" content=\"summary_large_image\" \/>\n<script type=\"application\/ld+json\" class=\"yoast-schema-graph\">{\"@context\":\"https:\/\/schema.org\",\"@graph\":[{\"@type\":\"WebSite\",\"@id\":\"https:\/\/www.franquiawsi.com.br\/imprensa\/#website\",\"url\":\"https:\/\/www.franquiawsi.com.br\/imprensa\/\",\"name\":\"Franquia WSI\",\"description\":\"S\\u00f3 mais um site Franquia WSI blogs\",\"potentialAction\":[{\"@type\":\"SearchAction\",\"target\":\"https:\/\/www.franquiawsi.com.br\/imprensa\/?s={search_term_string}\",\"query-input\":\"required name=search_term_string\"}],\"inLanguage\":\"pt-BR\"},{\"@type\":\"ImageObject\",\"@id\":\"https:\/\/www.franquiawsi.com.br\/imprensa\/2021\/01\/07\/transformacao-digital-e-ferramenta-para-alavancar-negocios\/#primaryimage\",\"inLanguage\":\"pt-BR\",\"url\":\"https:\/\/www.franquiawsi.com.br\/imprensa\/wp-content\/uploads\/sites\/4\/2021\/01\/correio-logo.png\",\"width\":251,\"height\":201},{\"@type\":\"WebPage\",\"@id\":\"https:\/\/www.franquiawsi.com.br\/imprensa\/2021\/01\/07\/transformacao-digital-e-ferramenta-para-alavancar-negocios\/#webpage\",\"url\":\"https:\/\/www.franquiawsi.com.br\/imprensa\/2021\/01\/07\/transformacao-digital-e-ferramenta-para-alavancar-negocios\/\",\"name\":\"Transforma\\u00e7\\u00e3o Digital \\u00e9 ferramenta para alavancar neg\\u00f3cios - Franquia WSI\",\"isPartOf\":{\"@id\":\"https:\/\/www.franquiawsi.com.br\/imprensa\/#website\"},\"primaryImageOfPage\":{\"@id\":\"https:\/\/www.franquiawsi.com.br\/imprensa\/2021\/01\/07\/transformacao-digital-e-ferramenta-para-alavancar-negocios\/#primaryimage\"},\"datePublished\":\"2021-01-07T20:07:22+00:00\",\"dateModified\":\"2021-01-20T18:11:51+00:00\",\"author\":{\"@id\":\"https:\/\/www.franquiawsi.com.br\/imprensa\/#\/schema\/person\/aba595c00e708b7a14d2efcb147ff1be\"},\"inLanguage\":\"pt-BR\",\"potentialAction\":[{\"@type\":\"ReadAction\",\"target\":[\"https:\/\/www.franquiawsi.com.br\/imprensa\/2021\/01\/07\/transformacao-digital-e-ferramenta-para-alavancar-negocios\/\"]}]},{\"@type\":\"Person\",\"@id\":\"https:\/\/www.franquiawsi.com.br\/imprensa\/#\/schema\/person\/aba595c00e708b7a14d2efcb147ff1be\",\"name\":\"WSI Franquia\",\"image\":{\"@type\":\"ImageObject\",\"@id\":\"https:\/\/www.franquiawsi.com.br\/imprensa\/#personlogo\",\"inLanguage\":\"pt-BR\",\"url\":\"https:\/\/secure.gravatar.com\/avatar\/3fb0a15a80d84a0edf3c012b563ded7b?s=96&d=mm&r=g\",\"caption\":\"WSI Franquia\"},\"description\":\"A WSI foi fundada em 1995 e desde ent\\u00e3o oferece franquias de Marketing Digital para empreendedores em todo o mundo. A WSI opera no Brasil h\\u00e1 mais de 10 anos, com mais de 20 franquias ativas, empregando mais de 80 profissionais e uma rede de parceiros locais homologados. Reconhecida como uma provedora de solu\\u00e7\\u00f5es de Marketing Digital global, a WSI promove parcerias poderosas, o que fortalece muito a nossa rede. Para obter mais informa\\u00e7\\u00f5es sobre oportunidades de franquia WSI, entre em contato conosco!\"}]}<\/script>\n<!-- \/ Yoast SEO plugin. -->","_links":{"self":[{"href":"https:\/\/www.franquiawsi.com.br\/imprensa\/wp-json\/wp\/v2\/posts\/94"}],"collection":[{"href":"https:\/\/www.franquiawsi.com.br\/imprensa\/wp-json\/wp\/v2\/posts"}],"about":[{"href":"https:\/\/www.franquiawsi.com.br\/imprensa\/wp-json\/wp\/v2\/types\/post"}],"author":[{"embeddable":true,"href":"https:\/\/www.franquiawsi.com.br\/imprensa\/wp-json\/wp\/v2\/users\/5"}],"replies":[{"embeddable":true,"href":"https:\/\/www.franquiawsi.com.br\/imprensa\/wp-json\/wp\/v2\/comments?post=94"}],"version-history":[{"count":3,"href":"https:\/\/www.franquiawsi.com.br\/imprensa\/wp-json\/wp\/v2\/posts\/94\/revisions"}],"predecessor-version":[{"id":152,"href":"https:\/\/www.franquiawsi.com.br\/imprensa\/wp-json\/wp\/v2\/posts\/94\/revisions\/152"}],"wp:featuredmedia":[{"embeddable":true,"href":"https:\/\/www.franquiawsi.com.br\/imprensa\/wp-json\/wp\/v2\/media\/96"}],"wp:attachment":[{"href":"https:\/\/www.franquiawsi.com.br\/imprensa\/wp-json\/wp\/v2\/media?parent=94"}],"wp:term":[{"taxonomy":"category","embeddable":true,"href":"https:\/\/www.franquiawsi.com.br\/imprensa\/wp-json\/wp\/v2\/categories?post=94"},{"taxonomy":"post_tag","embeddable":true,"href":"https:\/\/www.franquiawsi.com.br\/imprensa\/wp-json\/wp\/v2\/tags?post=94"}],"curies":[{"name":"wp","href":"https:\/\/api.w.org\/{rel}","templated":true}]}}