{"id":942,"date":"2022-04-26T15:53:13","date_gmt":"2022-04-26T18:53:13","guid":{"rendered":"https:\/\/www.franquiawsi.com.br\/imprensa\/?p=942"},"modified":"2022-04-26T15:59:02","modified_gmt":"2022-04-26T18:59:02","slug":"marketing-digital-para-alavancar-os-negocios","status":"publish","type":"post","link":"https:\/\/www.franquiawsi.com.br\/imprensa\/2022\/04\/26\/marketing-digital-para-alavancar-os-negocios\/","title":{"rendered":"MARKETING DIGITAL PARA ALAVANCAR OS NEG\u00d3CIOS!"},"content":{"rendered":"<p><span style=\"font-weight: 400;\">Nesta entrevista, Humberto Pastore e Caio Cunha, discutem sobre a import\u00e2ncia do marketing digital para sua empresa. Como realizar a implementa\u00e7\u00e3o das t\u00e9cnicas de marketing digital e quais canais comunicacionais utilizar. Confira! <a href=\"https:\/\/www.facebook.com\/100002449201070\/posts\/4999990860092505\/\" target=\"_blank\" rel=\"noopener noreferrer\">facebook.com\u00a0<\/a><\/p>\n<p><img loading=\"lazy\" class=\"wp-image-948 aligncenter\" src=\"https:\/\/www.franquiawsi.com.br\/imprensa\/wp-content\/uploads\/sites\/4\/2022\/04\/ABC-300x185.jpg\" alt=\"Programa Esta\u00e7\u00e3o Abc\" width=\"570\" height=\"351\" srcset=\"https:\/\/www.franquiawsi.com.br\/imprensa\/wp-content\/uploads\/sites\/4\/2022\/04\/ABC-300x185.jpg 300w, https:\/\/www.franquiawsi.com.br\/imprensa\/wp-content\/uploads\/sites\/4\/2022\/04\/ABC-1024x632.jpg 1024w, https:\/\/www.franquiawsi.com.br\/imprensa\/wp-content\/uploads\/sites\/4\/2022\/04\/ABC-768x474.jpg 768w, https:\/\/www.franquiawsi.com.br\/imprensa\/wp-content\/uploads\/sites\/4\/2022\/04\/ABC.jpg 1472w\" sizes=\"(max-width: 570px) 100vw, 570px\" \/><\/p>\n<p><\/span><\/p>\n","protected":false},"excerpt":{"rendered":"<p>Nesta entrevista, Humberto Pastore e Caio Cunha, discutem sobre a import\u00e2ncia do marketing digital para sua empresa. Como realizar a implementa\u00e7\u00e3o das t\u00e9cnicas de marketing digital e quais canais comunicacionais utilizar. Confira! facebook.com\u00a0<\/p>\n","protected":false},"author":5,"featured_media":945,"comment_status":"open","ping_status":"open","sticky":false,"template":"","format":"standard","meta":[],"categories":[3],"tags":[],"yoast_head":"<!-- This site is optimized with the Yoast SEO plugin v14.8.1 - https:\/\/yoast.com\/wordpress\/plugins\/seo\/ -->\n<meta name=\"robots\" content=\"index, follow\" \/>\n<meta name=\"googlebot\" content=\"index, follow, max-snippet:-1, max-image-preview:large, max-video-preview:-1\" \/>\n<meta name=\"bingbot\" content=\"index, follow, max-snippet:-1, max-image-preview:large, max-video-preview:-1\" \/>\n<link rel=\"canonical\" href=\"https:\/\/www.franquiawsi.com.br\/imprensa\/2022\/04\/26\/marketing-digital-para-alavancar-os-negocios\/\" \/>\n<meta property=\"og:locale\" content=\"pt_BR\" \/>\n<meta property=\"og:type\" content=\"article\" \/>\n<meta property=\"og:title\" content=\"MARKETING DIGITAL PARA ALAVANCAR OS NEG\u00d3CIOS! - Franquia WSI\" \/>\n<meta property=\"og:description\" content=\"Nesta entrevista, Humberto Pastore e Caio Cunha, discutem sobre a import\u00e2ncia do marketing digital para sua empresa. Como realizar a implementa\u00e7\u00e3o das t\u00e9cnicas de marketing digital e quais canais comunicacionais utilizar. Confira! facebook.com\u00a0\" \/>\n<meta property=\"og:url\" content=\"https:\/\/www.franquiawsi.com.br\/imprensa\/2022\/04\/26\/marketing-digital-para-alavancar-os-negocios\/\" \/>\n<meta property=\"og:site_name\" content=\"Franquia WSI\" \/>\n<meta property=\"article:published_time\" content=\"2022-04-26T18:53:13+00:00\" \/>\n<meta property=\"article:modified_time\" content=\"2022-04-26T18:59:02+00:00\" \/>\n<meta property=\"og:image\" content=\"https:\/\/www.franquiawsi.com.br\/imprensa\/wp-content\/uploads\/sites\/4\/2022\/04\/images.jpg\" \/>\n\t<meta property=\"og:image:width\" content=\"300\" \/>\n\t<meta property=\"og:image:height\" content=\"168\" \/>\n<meta name=\"twitter:card\" content=\"summary_large_image\" \/>\n<script type=\"application\/ld+json\" class=\"yoast-schema-graph\">{\"@context\":\"https:\/\/schema.org\",\"@graph\":[{\"@type\":\"WebSite\",\"@id\":\"https:\/\/www.franquiawsi.com.br\/imprensa\/#website\",\"url\":\"https:\/\/www.franquiawsi.com.br\/imprensa\/\",\"name\":\"Franquia WSI\",\"description\":\"S\\u00f3 mais um site Franquia WSI blogs\",\"potentialAction\":[{\"@type\":\"SearchAction\",\"target\":\"https:\/\/www.franquiawsi.com.br\/imprensa\/?s={search_term_string}\",\"query-input\":\"required name=search_term_string\"}],\"inLanguage\":\"pt-BR\"},{\"@type\":\"ImageObject\",\"@id\":\"https:\/\/www.franquiawsi.com.br\/imprensa\/2022\/04\/26\/marketing-digital-para-alavancar-os-negocios\/#primaryimage\",\"inLanguage\":\"pt-BR\",\"url\":\"https:\/\/www.franquiawsi.com.br\/imprensa\/wp-content\/uploads\/sites\/4\/2022\/04\/images.jpg\",\"width\":300,\"height\":168},{\"@type\":\"WebPage\",\"@id\":\"https:\/\/www.franquiawsi.com.br\/imprensa\/2022\/04\/26\/marketing-digital-para-alavancar-os-negocios\/#webpage\",\"url\":\"https:\/\/www.franquiawsi.com.br\/imprensa\/2022\/04\/26\/marketing-digital-para-alavancar-os-negocios\/\",\"name\":\"MARKETING DIGITAL PARA ALAVANCAR OS NEG\\u00d3CIOS! - Franquia WSI\",\"isPartOf\":{\"@id\":\"https:\/\/www.franquiawsi.com.br\/imprensa\/#website\"},\"primaryImageOfPage\":{\"@id\":\"https:\/\/www.franquiawsi.com.br\/imprensa\/2022\/04\/26\/marketing-digital-para-alavancar-os-negocios\/#primaryimage\"},\"datePublished\":\"2022-04-26T18:53:13+00:00\",\"dateModified\":\"2022-04-26T18:59:02+00:00\",\"author\":{\"@id\":\"https:\/\/www.franquiawsi.com.br\/imprensa\/#\/schema\/person\/aba595c00e708b7a14d2efcb147ff1be\"},\"inLanguage\":\"pt-BR\",\"potentialAction\":[{\"@type\":\"ReadAction\",\"target\":[\"https:\/\/www.franquiawsi.com.br\/imprensa\/2022\/04\/26\/marketing-digital-para-alavancar-os-negocios\/\"]}]},{\"@type\":\"Person\",\"@id\":\"https:\/\/www.franquiawsi.com.br\/imprensa\/#\/schema\/person\/aba595c00e708b7a14d2efcb147ff1be\",\"name\":\"WSI Franquia\",\"image\":{\"@type\":\"ImageObject\",\"@id\":\"https:\/\/www.franquiawsi.com.br\/imprensa\/#personlogo\",\"inLanguage\":\"pt-BR\",\"url\":\"https:\/\/secure.gravatar.com\/avatar\/3fb0a15a80d84a0edf3c012b563ded7b?s=96&d=mm&r=g\",\"caption\":\"WSI Franquia\"},\"description\":\"A WSI foi fundada em 1995 e desde ent\\u00e3o oferece franquias de Marketing Digital para empreendedores em todo o mundo. A WSI opera no Brasil h\\u00e1 mais de 10 anos, com mais de 20 franquias ativas, empregando mais de 80 profissionais e uma rede de parceiros locais homologados. Reconhecida como uma provedora de solu\\u00e7\\u00f5es de Marketing Digital global, a WSI promove parcerias poderosas, o que fortalece muito a nossa rede. Para obter mais informa\\u00e7\\u00f5es sobre oportunidades de franquia WSI, entre em contato conosco!\"}]}<\/script>\n<!-- \/ Yoast SEO plugin. -->","_links":{"self":[{"href":"https:\/\/www.franquiawsi.com.br\/imprensa\/wp-json\/wp\/v2\/posts\/942"}],"collection":[{"href":"https:\/\/www.franquiawsi.com.br\/imprensa\/wp-json\/wp\/v2\/posts"}],"about":[{"href":"https:\/\/www.franquiawsi.com.br\/imprensa\/wp-json\/wp\/v2\/types\/post"}],"author":[{"embeddable":true,"href":"https:\/\/www.franquiawsi.com.br\/imprensa\/wp-json\/wp\/v2\/users\/5"}],"replies":[{"embeddable":true,"href":"https:\/\/www.franquiawsi.com.br\/imprensa\/wp-json\/wp\/v2\/comments?post=942"}],"version-history":[{"count":4,"href":"https:\/\/www.franquiawsi.com.br\/imprensa\/wp-json\/wp\/v2\/posts\/942\/revisions"}],"predecessor-version":[{"id":949,"href":"https:\/\/www.franquiawsi.com.br\/imprensa\/wp-json\/wp\/v2\/posts\/942\/revisions\/949"}],"wp:featuredmedia":[{"embeddable":true,"href":"https:\/\/www.franquiawsi.com.br\/imprensa\/wp-json\/wp\/v2\/media\/945"}],"wp:attachment":[{"href":"https:\/\/www.franquiawsi.com.br\/imprensa\/wp-json\/wp\/v2\/media?parent=942"}],"wp:term":[{"taxonomy":"category","embeddable":true,"href":"https:\/\/www.franquiawsi.com.br\/imprensa\/wp-json\/wp\/v2\/categories?post=942"},{"taxonomy":"post_tag","embeddable":true,"href":"https:\/\/www.franquiawsi.com.br\/imprensa\/wp-json\/wp\/v2\/tags?post=942"}],"curies":[{"name":"wp","href":"https:\/\/api.w.org\/{rel}","templated":true}]}}