{"id":999,"date":"2022-05-16T14:32:26","date_gmt":"2022-05-16T17:32:26","guid":{"rendered":"https:\/\/www.franquiawsi.com.br\/imprensa\/?p=999"},"modified":"2022-05-16T14:51:23","modified_gmt":"2022-05-16T17:51:23","slug":"caio-cunha-em-entrevista-para-a-radio-jovem-pan-2","status":"publish","type":"post","link":"https:\/\/www.franquiawsi.com.br\/imprensa\/2022\/05\/16\/caio-cunha-em-entrevista-para-a-radio-jovem-pan-2\/","title":{"rendered":"Caio Cunha em entrevista para a R\u00e1dio Jovem Pan"},"content":{"rendered":"<p>Em entrevista para a R\u00e1dio Jovem Pan, Caio Cunha, Presidente da WSI Master Brasil, comenta sobre o vazamento de dados de mais de 100 milh\u00f5es de usu\u00e1rios que ocorreu recentemente e a import\u00e2ncia das empresas respeitarem ao controle dos dados dos consumidores no digital. No mundo digital os dados online s\u00e3o de muita valia para as empresas conhecerem seu p\u00fablico-alvo e ajud\u00e1-las na sua aproxima\u00e7\u00e3o com esse p\u00fablico e como se comunicar com eles. Todas as empresas hoje precisam respeitar os dados dos consumidores e aderir \u00e0 Lei Geral de Prote\u00e7\u00e3o de Dados, que j\u00e1 vigora efetivamente desde 2021.<\/p>\n<p><iframe title=\"YouTube video player\" src=\"https:\/\/www.youtube.com\/embed\/a1ayOFlqJAI\" width=\"560\" height=\"315\" frameborder=\"0\" allowfullscreen=\"allowfullscreen\"><\/iframe><\/p>\n","protected":false},"excerpt":{"rendered":"<p>Em entrevista para a R\u00e1dio Jovem Pan, Caio Cunha, Presidente da WSI Master Brasil, comenta sobre o vazamento de dados de mais de 100 milh\u00f5es de usu\u00e1rios que ocorreu recentemente e a import\u00e2ncia das empresas respeitarem ao controle dos dados dos consumidores no digital. No mundo digital os dados online s\u00e3o de muita valia para [&hellip;]<\/p>\n","protected":false},"author":5,"featured_media":264,"comment_status":"open","ping_status":"open","sticky":false,"template":"","format":"standard","meta":[],"categories":[3],"tags":[],"yoast_head":"<!-- This site is optimized with the Yoast SEO plugin v14.8.1 - https:\/\/yoast.com\/wordpress\/plugins\/seo\/ -->\n<meta name=\"robots\" content=\"index, follow\" \/>\n<meta name=\"googlebot\" content=\"index, follow, max-snippet:-1, max-image-preview:large, max-video-preview:-1\" \/>\n<meta name=\"bingbot\" content=\"index, follow, max-snippet:-1, max-image-preview:large, max-video-preview:-1\" \/>\n<link rel=\"canonical\" href=\"https:\/\/www.franquiawsi.com.br\/imprensa\/2022\/05\/16\/caio-cunha-em-entrevista-para-a-radio-jovem-pan-2\/\" \/>\n<meta property=\"og:locale\" content=\"pt_BR\" \/>\n<meta property=\"og:type\" content=\"article\" \/>\n<meta property=\"og:title\" content=\"Caio Cunha em entrevista para a R\u00e1dio Jovem Pan - Franquia WSI\" \/>\n<meta property=\"og:description\" content=\"Em entrevista para a R\u00e1dio Jovem Pan, Caio Cunha, Presidente da WSI Master Brasil, comenta sobre o vazamento de dados de mais de 100 milh\u00f5es de usu\u00e1rios que ocorreu recentemente e a import\u00e2ncia das empresas respeitarem ao controle dos dados dos consumidores no digital. No mundo digital os dados online s\u00e3o de muita valia para [&hellip;]\" \/>\n<meta property=\"og:url\" content=\"https:\/\/www.franquiawsi.com.br\/imprensa\/2022\/05\/16\/caio-cunha-em-entrevista-para-a-radio-jovem-pan-2\/\" \/>\n<meta property=\"og:site_name\" content=\"Franquia WSI\" \/>\n<meta property=\"article:published_time\" content=\"2022-05-16T17:32:26+00:00\" \/>\n<meta property=\"article:modified_time\" content=\"2022-05-16T17:51:23+00:00\" \/>\n<meta property=\"og:image\" content=\"https:\/\/www.franquiawsi.com.br\/imprensa\/wp-content\/uploads\/sites\/4\/2021\/02\/Jovem_Pan_News_logo_2018_2.png\" \/>\n\t<meta property=\"og:image:width\" content=\"850\" \/>\n\t<meta property=\"og:image:height\" content=\"850\" \/>\n<meta name=\"twitter:card\" content=\"summary_large_image\" \/>\n<script type=\"application\/ld+json\" class=\"yoast-schema-graph\">{\"@context\":\"https:\/\/schema.org\",\"@graph\":[{\"@type\":\"WebSite\",\"@id\":\"https:\/\/www.franquiawsi.com.br\/imprensa\/#website\",\"url\":\"https:\/\/www.franquiawsi.com.br\/imprensa\/\",\"name\":\"Franquia WSI\",\"description\":\"S\\u00f3 mais um site Franquia WSI blogs\",\"potentialAction\":[{\"@type\":\"SearchAction\",\"target\":\"https:\/\/www.franquiawsi.com.br\/imprensa\/?s={search_term_string}\",\"query-input\":\"required name=search_term_string\"}],\"inLanguage\":\"pt-BR\"},{\"@type\":\"ImageObject\",\"@id\":\"https:\/\/www.franquiawsi.com.br\/imprensa\/2022\/05\/16\/caio-cunha-em-entrevista-para-a-radio-jovem-pan-2\/#primaryimage\",\"inLanguage\":\"pt-BR\",\"url\":\"https:\/\/www.franquiawsi.com.br\/imprensa\/wp-content\/uploads\/sites\/4\/2021\/02\/Jovem_Pan_News_logo_2018_2.png\",\"width\":850,\"height\":850},{\"@type\":\"WebPage\",\"@id\":\"https:\/\/www.franquiawsi.com.br\/imprensa\/2022\/05\/16\/caio-cunha-em-entrevista-para-a-radio-jovem-pan-2\/#webpage\",\"url\":\"https:\/\/www.franquiawsi.com.br\/imprensa\/2022\/05\/16\/caio-cunha-em-entrevista-para-a-radio-jovem-pan-2\/\",\"name\":\"Caio Cunha em entrevista para a R\\u00e1dio Jovem Pan - Franquia WSI\",\"isPartOf\":{\"@id\":\"https:\/\/www.franquiawsi.com.br\/imprensa\/#website\"},\"primaryImageOfPage\":{\"@id\":\"https:\/\/www.franquiawsi.com.br\/imprensa\/2022\/05\/16\/caio-cunha-em-entrevista-para-a-radio-jovem-pan-2\/#primaryimage\"},\"datePublished\":\"2022-05-16T17:32:26+00:00\",\"dateModified\":\"2022-05-16T17:51:23+00:00\",\"author\":{\"@id\":\"https:\/\/www.franquiawsi.com.br\/imprensa\/#\/schema\/person\/aba595c00e708b7a14d2efcb147ff1be\"},\"inLanguage\":\"pt-BR\",\"potentialAction\":[{\"@type\":\"ReadAction\",\"target\":[\"https:\/\/www.franquiawsi.com.br\/imprensa\/2022\/05\/16\/caio-cunha-em-entrevista-para-a-radio-jovem-pan-2\/\"]}]},{\"@type\":\"Person\",\"@id\":\"https:\/\/www.franquiawsi.com.br\/imprensa\/#\/schema\/person\/aba595c00e708b7a14d2efcb147ff1be\",\"name\":\"WSI Franquia\",\"image\":{\"@type\":\"ImageObject\",\"@id\":\"https:\/\/www.franquiawsi.com.br\/imprensa\/#personlogo\",\"inLanguage\":\"pt-BR\",\"url\":\"https:\/\/secure.gravatar.com\/avatar\/3fb0a15a80d84a0edf3c012b563ded7b?s=96&d=mm&r=g\",\"caption\":\"WSI Franquia\"},\"description\":\"A WSI foi fundada em 1995 e desde ent\\u00e3o oferece franquias de Marketing Digital para empreendedores em todo o mundo. A WSI opera no Brasil h\\u00e1 mais de 10 anos, com mais de 20 franquias ativas, empregando mais de 80 profissionais e uma rede de parceiros locais homologados. Reconhecida como uma provedora de solu\\u00e7\\u00f5es de Marketing Digital global, a WSI promove parcerias poderosas, o que fortalece muito a nossa rede. Para obter mais informa\\u00e7\\u00f5es sobre oportunidades de franquia WSI, entre em contato conosco!\"}]}<\/script>\n<!-- \/ Yoast SEO plugin. -->","_links":{"self":[{"href":"https:\/\/www.franquiawsi.com.br\/imprensa\/wp-json\/wp\/v2\/posts\/999"}],"collection":[{"href":"https:\/\/www.franquiawsi.com.br\/imprensa\/wp-json\/wp\/v2\/posts"}],"about":[{"href":"https:\/\/www.franquiawsi.com.br\/imprensa\/wp-json\/wp\/v2\/types\/post"}],"author":[{"embeddable":true,"href":"https:\/\/www.franquiawsi.com.br\/imprensa\/wp-json\/wp\/v2\/users\/5"}],"replies":[{"embeddable":true,"href":"https:\/\/www.franquiawsi.com.br\/imprensa\/wp-json\/wp\/v2\/comments?post=999"}],"version-history":[{"count":2,"href":"https:\/\/www.franquiawsi.com.br\/imprensa\/wp-json\/wp\/v2\/posts\/999\/revisions"}],"predecessor-version":[{"id":1001,"href":"https:\/\/www.franquiawsi.com.br\/imprensa\/wp-json\/wp\/v2\/posts\/999\/revisions\/1001"}],"wp:featuredmedia":[{"embeddable":true,"href":"https:\/\/www.franquiawsi.com.br\/imprensa\/wp-json\/wp\/v2\/media\/264"}],"wp:attachment":[{"href":"https:\/\/www.franquiawsi.com.br\/imprensa\/wp-json\/wp\/v2\/media?parent=999"}],"wp:term":[{"taxonomy":"category","embeddable":true,"href":"https:\/\/www.franquiawsi.com.br\/imprensa\/wp-json\/wp\/v2\/categories?post=999"},{"taxonomy":"post_tag","embeddable":true,"href":"https:\/\/www.franquiawsi.com.br\/imprensa\/wp-json\/wp\/v2\/tags?post=999"}],"curies":[{"name":"wp","href":"https:\/\/api.w.org\/{rel}","templated":true}]}}